{"id":68937,"date":"2026-04-30T06:01:30","date_gmt":"2026-04-30T09:01:30","guid":{"rendered":"https:\/\/crajubaremacao.com.br\/?p=68937"},"modified":"2026-04-30T06:01:30","modified_gmt":"2026-04-30T09:01:30","slug":"nao-vou-faltar-no-meu-homem-com-cancer-terminal-organiza-festa-para-o-proprio-velorio-em-vida","status":"publish","type":"post","link":"https:\/\/crajubaremacao.com.br\/?p=68937","title":{"rendered":"&#8216;N\u00e3o vou faltar no meu&#8217;: homem com c\u00e2ncer terminal organiza festa para o pr\u00f3prio vel\u00f3rio (em vida)"},"content":{"rendered":"<div><img decoding=\"async\" src=\"https:\/\/s2-g1.glbimg.com\/wbuj5jm1YnAghI4LxGNb56q6SEM=\/i.s3.glbimg.com\/v1\/AUTH_59edd422c0c84a879bd37670ae4f538a\/internal_photos\/bs\/2026\/F\/u\/c0ErASQ2mP0c5fuTbwJA\/p1245647.jpg-1-.jpeg\"><br \/>     Tiago Pitthan organizou festa para seu pr\u00f3prio vel\u00f3rio<br \/>\nRenan Heimbach\/Divulga\u00e7\u00e3o<br \/>\nOs convidados chegam ao som de bossa-nova. Cl\u00e1ssico, cara de lounge, in\u00edcio de festa, mas n\u00e3o s\u00f3: \u00e9 tamb\u00e9m o estilo que Tiago Pitthan aprendeu a ouvir com o pai ainda crian\u00e7a. Em seguida, a programa\u00e7\u00e3o segue com samba, roda de verdade; gente em p\u00e9, pandeiro, surdo, cavaco, tamborim, cu\u00edca e tant\u00e3.<br \/>\nO DJ ent\u00e3o assume a trilha e enfileira brasilidades diversas, de todas as d\u00e9cadas, enquanto o pr\u00f3prio protagonista da festa se ajeita com a banda para performar uma m\u00fasica. Ele, na guitarra, instrumento que insistiu em aprender a tocar quando met\u00e1stases de um c\u00e2ncer de est\u00f4mago se espalharam pelo seu corpo.<br \/>\nA noite seguir\u00e1 adentro com rock and roll \u2018de todo mundo\u2019. Bandas de amigos, de desconhecidos, de quem quiser chegar.<br \/>\nO que os convidados v\u00e3o celebrar, no dia 30 de maio, no espa\u00e7o da Cervejaria Can\u00e1rias, em Campo Grande, n\u00e3o \u00e9 um anivers\u00e1rio, nem um show, nem uma despedida qualquer.<br \/>\n\u00c9 o vel\u00f3rio de Tiago Martins Pitthan, de 49 anos. Ele est\u00e1 vivo.<br \/>\nTiago Pitthan organizou festa para seu pr\u00f3prio vel\u00f3rio<br \/>\nMarcio Ribas\/Divulga\u00e7\u00e3o<br \/>\nO corpo avisou antes<br \/>\nNo R\u00e9veillon de 2023 para 2024, Tiago estava em Bonito com um grupo de amigos. A cidade, no Mato Grosso do Sul, \u00e9 conhecida pelos rios de \u00e1gua transparente, pelas cachoeiras e pelo sil\u00eancio que n\u00e3o existe em Campo Grande, onde ele mora.<br \/>\nNa ceia, tentou comer e n\u00e3o conseguiu. Na primeira garfada, a sensa\u00e7\u00e3o foi imediata \u2014o est\u00f4mago cheio antes de come\u00e7ar. For\u00e7ou um pouco mais e vomitou. Atribuiu ao excesso dos dias anteriores, viagem, bebida, e voltou para casa, mas o problema continuou.<br \/>\nEle treinava para hipertrofia, mas estava perdendo peso.<br \/>\nForam meses de m\u00e9dicos at\u00e9 chegar a um gastroenterologista. A endoscopia, em mar\u00e7o de 2024, identificou um adenocarcinoma g\u00e1strico \u2014tumor maligno que se forma na mucosa do est\u00f4mago e responde por mais de 90% dos c\u00e2nceres g\u00e1stricos.<br \/>\n\u201cA descoberta do c\u00e2ncer foi um al\u00edvio\u201d, ele n\u00e3o ironiza. Depois de meses, o que tinha ganhou nome, ufa. Iniciou as sess\u00f5es protocolares de quimioterapia e agendou a gastrectomia: retiraria o est\u00f4mago, o intestino assumiria a fun\u00e7\u00e3o, a vida seguiria.<br \/>\nA cirurgia foi marcada para maio. Quando os m\u00e9dicos abriram, encontraram a met\u00e1stase. Dois focos no intestino, comprometimento do perit\u00f4nio e in\u00edcio de invas\u00e3o pulmonar. A gastrectomia n\u00e3o foi feita. Em c\u00e2nceres g\u00e1stricos com dissemina\u00e7\u00e3o peritoneal, a cirurgia curativa deixa de ser vi\u00e1vel \u2014n\u00e3o h\u00e1 mais como retirar o tumor por cirurgia.<br \/>\n\u201cEu descobri que n\u00e3o tinha cura. Que teria de viver com aquilo; provavelmente, morrer daquilo.\u201d<br \/>\nPor meses, o c\u00e2ncer foi, nas palavras dele, um inimigo abstrato, invis\u00edvel. Sabia que tinha. Fazia quimioterapia. Mas continuava trabalhando, pedalando, treinando. Pesava 88, 89 quilos. Sa\u00eda de casa, ia \u00e0 academia, mantinha o cotidiano.<br \/>\nMudou em novembro de 2025. Os pulm\u00f5es reduziram a capacidade de repente. Tiago parou de conseguir comer com regularidade. Em dois ou tr\u00eas meses, perdeu 22 quilos \u2014chegou a 67. Ficou fraco, sem f\u00f4lego, impossibilitado de praticar qualquer esporte.<br \/>\nDesenvolveu neuropatia perif\u00e9rica induzida pela quimioterapia, s\u00edndrome chamada p\u00e9 ca\u00eddo: o nervo fibular \u00e9 afetado pela toxicidade dos quimioter\u00e1picos, o p\u00e9 perde mobilidade dorsal, e a marcha vira um arrasto. Ele passou a andar mancando; precisou adotar bengala, acess\u00f3rio que, diz ele, lhe caiu muito bem. Achou que pedia uma boina.<br \/>\nFoi ent\u00e3o que resolveu marcar o pr\u00f3prio vel\u00f3rio.<br \/>\nA ideia n\u00e3o surgiu do nada. Em agosto de 2024, com o diagn\u00f3stico feito e a met\u00e1stase j\u00e1 confirmada, Tiago perdeu o pai. A fam\u00edlia fez o vel\u00f3rio \u2014 ele pessoalmente n\u00e3o \u00e9 f\u00e3 do ritual, acha que prolonga o sofrimento, mas a m\u00e3e quis e ele n\u00e3o foi contra.<br \/>\nO vel\u00f3rio, diz, foi bonito: amigos reunidos, hist\u00f3rias sendo contadas, gente se divertindo. Para Tiago, faltou o pai \u2014o pr\u00f3prio homenageado\u2014, que teria mais hist\u00f3rias do que qualquer um.<br \/>\n\u201cNaquele momento, decidi: n\u00e3o vou faltar no meu.\u201d<br \/>\nTiago Pitthan organizou festa para seu pr\u00f3prio vel\u00f3rio<br \/>\nRenan Heimbach\/Arquivo Pessoal<br \/>\nO espa\u00e7o \u00e9 o antigo galp\u00e3o da Can\u00e1rias, cervejaria local que mudou de endere\u00e7o e o cedeu para a festa. A data se ajeitou ao calend\u00e1rio do irm\u00e3o, que mora em Portugal.<br \/>\nOs dois antigos s\u00f3cios de uma produtora de eventos que Tiago teve anos atr\u00e1s \u2014 ele \u00e9 turism\u00f3logo antes de ser advogado\u2014 est\u00e3o organizando tudo: palco, som, bandas, estrutura. Ele acompanha, quer que seja perfeito, mas passa o operacional para eles. Com meses de anteced\u00eancia, d\u00e1 para fazer uma produ\u00e7\u00e3o tranquila.<br \/>\nN\u00e3o quer s\u00f3 os chegados. Quer conhecidos, quem o conhece de um \u201coi, tudo bem?\u201d e quer estar presente. Postou no Instagram, sem assessoria, sem nada, e o que veio de volta ele n\u00e3o esperava: bandas oferecendo equipamento, desconhecidos pedindo para participar, relatos de gente que diz ter reconfigurado a pr\u00f3pria forma de encarar a vida depois de ler sobre o vel\u00f3rio. Tamb\u00e9m recebeu hate. Estima que seja 1% das rea\u00e7\u00f5es.<br \/>\nAl\u00e9m da m\u00fasica, haver\u00e1 um flash mob e um aquarelista pintando um quadro da festa em tempo real. Tiago quer muito esse quadro.<br \/>\nV\u00eddeos em alta no g1<br \/>\nO after<br \/>\nEntre um detalhe e outro da festa, Tiago cuida tamb\u00e9m do que vem depois.<br \/>\nJ\u00e1 separou as senhas: banco, redes sociais, tudo anotado e entregue para as pessoas certas. Definiu a destina\u00e7\u00e3o dos bens \u2014coisas pequenas mesmo, um drone, um notebook, cada um j\u00e1 tem dono. O vel\u00f3rio de fato, o ritual que vem depois, ele deixou para outra pessoa resolver. \u201cNem mexo com isso.\u201d<br \/>\nA fam\u00edlia foi avisada pessoalmente, com anteced\u00eancia, para n\u00e3o receber o choque pela tela. O n\u00facleo mais pr\u00f3ximo ainda processa. N\u00e3o usam a palavra vel\u00f3rio \u2014 dizem \u201ca festa\u201d. Dificilmente usam a palavra c\u00e2ncer \u2014 dizem \u201cessa doen\u00e7a\u201d. Todos confirmaram presen\u00e7a.<br \/>\nA m\u00e3e \u00e9 quem cuida dele. Tiago morava fora, voltou para Campo Grande para ficar perto dos pais \u2014 o pai estava doente, a ideia era cuidar dos dois. Construiu uma casa no terreno em que moravam.<br \/>\nNo final das contas, foi a m\u00e3e quem ficou cuidando dele. Com ela, conversa sobre a doen\u00e7a, sobre os cuidados paliativos, sobre o que come e o que n\u00e3o come. Sobre a morte, n\u00e3o. \u201cSe eu tento puxar o assunto, ela sai pela tangente. Eu nem for\u00e7o.\u201d<br \/>\nHoje faz quimioterapia paliativa e imunoterapia \u2014 o objetivo n\u00e3o \u00e9 curar, mas tentar retardar o avan\u00e7o do tumor. Tem acompanhamento neurol\u00f3gico por causa do p\u00e9 e gastroenterol\u00f3gico para mitigar o estrago de uma gastrite permanente que dificulta a alimenta\u00e7\u00e3o. Toma rem\u00e9dios para conseguir comer.<br \/>\nA dieta mudou numa conversa entre amigos. Uma nutricionista que estava no grupo foi direta: naquele momento, n\u00e3o havia dieta a seguir \u2014 era preciso comer o que fosse poss\u00edvel, do jeito que desse.<br \/>\nFoi uma virada. Ele voltou a se alimentar; pouco, a cada tr\u00eas horas, com dificuldade, mas voltou. \u00c0s vezes iogurte, \u00e0s vezes fruta. Recuperou alguma for\u00e7a.<br \/>\nNo restante do tempo, aprende a tocar guitarra. Nunca havia tocado nada na vida, mas comprou o instrumento e entrou numa aula. Quer fazer pelo menos um show antes de ir \u2014 subir num palco uma vez. Joga sinuca com amigos, que \u00e9 esporte que o corpo suporta.<br \/>\nNa semana anterior a esta conversa, havia descido 70 metros de rapel at\u00e9 o Abismo Anhumas, em Bonito: um buraco no ch\u00e3o da mata que abre para uma caverna gigantesca com lago de \u00e1gua cristalina, um dos mergulhos mais procurados do mundo. No dia seguinte, saltou de paraquedas.<br \/>\n\u201cL\u00e1 em cima n\u00e3o tem c\u00e2ncer. S\u00f3 tem eu e aquele mund\u00e3o.\u201d<br \/>\nA viagem de volta de Bonito foi extenuante. Chegou debilitado. Mas n\u00e3o importa. Enquanto puder ir, diz, vai.<br \/>\nTiago n\u00e3o tem medo da morte. O medo \u00e9 do processo: sentir dor, ficar acamado, terminar em hospital. Cita Gilberto Gil \u2014\u2019n\u00e3o tenho medo da morte, mas de morrer, sim\u2019\u2014 como se a distin\u00e7\u00e3o prescindisse de qualquer coment\u00e1rio adicional.<br \/>\nTem um sonho que ainda n\u00e3o realizou. Quer ir \u00e0 praia e aprender a surfar. Quer uma foto pegando onda.<br \/>\n\u00c9 essa foto, ele diz, que vai estar exposta no vel\u00f3rio real \u2014 o que vier depois.<\/div>\n","protected":false},"excerpt":{"rendered":"<p>Tiago Pitthan organizou festa para seu pr\u00f3prio vel\u00f3rio Renan Heimbach\/Divulga\u00e7\u00e3o Os convidados chegam ao som de bossa-nova. Cl\u00e1ssico, cara de lounge, in\u00edcio de festa, mas n\u00e3o s\u00f3: \u00e9 tamb\u00e9m o estilo que Tiago Pitthan aprendeu a ouvir com o pai ainda crian\u00e7a. Em seguida, a programa\u00e7\u00e3o segue com samba, roda de verdade; gente em p\u00e9, [&hellip;]<\/p>\n","protected":false},"author":261,"featured_media":0,"comment_status":"closed","ping_status":"closed","sticky":false,"template":"","format":"standard","meta":{"_themeisle_gutenberg_block_has_review":false,"_jetpack_memberships_contains_paid_content":false,"footnotes":""},"categories":[10],"tags":[156],"class_list":{"0":"post-68937","1":"post","2":"type-post","3":"status-publish","4":"format-standard","6":"category-saude","7":"tag-saude"},"jetpack_featured_media_url":"","jetpack_sharing_enabled":true,"_links":{"self":[{"href":"https:\/\/crajubaremacao.com.br\/index.php?rest_route=\/wp\/v2\/posts\/68937","targetHints":{"allow":["GET"]}}],"collection":[{"href":"https:\/\/crajubaremacao.com.br\/index.php?rest_route=\/wp\/v2\/posts"}],"about":[{"href":"https:\/\/crajubaremacao.com.br\/index.php?rest_route=\/wp\/v2\/types\/post"}],"author":[{"embeddable":true,"href":"https:\/\/crajubaremacao.com.br\/index.php?rest_route=\/wp\/v2\/users\/261"}],"replies":[{"embeddable":true,"href":"https:\/\/crajubaremacao.com.br\/index.php?rest_route=%2Fwp%2Fv2%2Fcomments&post=68937"}],"version-history":[{"count":0,"href":"https:\/\/crajubaremacao.com.br\/index.php?rest_route=\/wp\/v2\/posts\/68937\/revisions"}],"wp:attachment":[{"href":"https:\/\/crajubaremacao.com.br\/index.php?rest_route=%2Fwp%2Fv2%2Fmedia&parent=68937"}],"wp:term":[{"taxonomy":"category","embeddable":true,"href":"https:\/\/crajubaremacao.com.br\/index.php?rest_route=%2Fwp%2Fv2%2Fcategories&post=68937"},{"taxonomy":"post_tag","embeddable":true,"href":"https:\/\/crajubaremacao.com.br\/index.php?rest_route=%2Fwp%2Fv2%2Ftags&post=68937"}],"curies":[{"name":"wp","href":"https:\/\/api.w.org\/{rel}","templated":true}]}}