{"id":68941,"date":"2026-04-30T12:01:29","date_gmt":"2026-04-30T15:01:29","guid":{"rendered":"https:\/\/crajubaremacao.com.br\/?p=68941"},"modified":"2026-04-30T12:01:29","modified_gmt":"2026-04-30T15:01:29","slug":"sp-e-rj-terao-sol-e-calor-mas-frente-fria-traz-chuva-no-domingo","status":"publish","type":"post","link":"https:\/\/crajubaremacao.com.br\/?p=68941","title":{"rendered":"SP e RJ ter\u00e3o sol e calor, mas frente fria traz chuva no domingo"},"content":{"rendered":"<div>\n<div style=\"margin-bottom: 15px;\"><img decoding=\"async\" class=\"type:primaryImage\" src=\"https:\/\/crajubaremacao.com.br\/wp-content\/uploads\/2026\/04\/ibirapuera-1024x562-1-750x412-1.jpg\"><\/div>\n<p><?xml encoding=\"UTF-8\"><\/p>\n<p>O feriado prolongado de 1\u00ba de Maio ser\u00e1 marcado por <strong>mudan\u00e7as no tempo<\/strong> em diferentes regi\u00f5es do pa\u00eds. Enquanto <strong>\u00e1reas do interior ter\u00e3o predom\u00ednio de sol<\/strong>, <strong>calor<\/strong> e <strong>baixa umidade do ar<\/strong>, uma <strong>frente fria avan\u00e7a pelo centro-sul do Brasil<\/strong> e deve provocar <strong>chuva<\/strong>, <strong>ventos fortes<\/strong> e <strong>queda de temperatura<\/strong> entre sexta-feira (1\u00ba) e domingo (3).<\/p>\n<p>De acordo com a Climatempo, o sistema vem acompanhado por um <strong>ciclone extratropical<\/strong> e por uma <strong>massa de ar frio<\/strong> de origem polar. A atua\u00e7\u00e3o desses sistemas tamb\u00e9m deve deixar o <strong>mar agitado<\/strong> em trechos do litoral do sul e do sudeste, com possibilidade de ressaca. <strong>Veja abaixo regi\u00e3o por regi\u00e3o:<\/strong><\/p>\n<h2>Sudeste<\/h2>\n<p>No sudeste, o feriado come\u00e7a com <strong>predom\u00ednio de sol<\/strong> e <strong>temperaturas elevadas<\/strong> em praticamente toda a regi\u00e3o. Na sexta-feira, <strong>n\u00e3o h\u00e1 previs\u00e3o de chuva<\/strong> em S\u00e3o Paulo, Rio de Janeiro, Minas Gerais e Esp\u00edrito Santo.<\/p>\n<p>Em <strong>S\u00e3o Paulo<\/strong>, o <strong>tempo segue firme<\/strong> tamb\u00e9m no s\u00e1bado (2), com aumento de nuvens ao longo do dia. A chuva deve come\u00e7ar \u00e0 noite no Vale do Ribeira e no litoral sul. H\u00e1 possibilidade de chuvisco em \u00e1reas do sul da capital e da Grande S\u00e3o Paulo.<\/p>\n<p>No domingo, a <strong>frente fria avan\u00e7a pelo estado<\/strong>. A previs\u00e3o \u00e9 de c\u00e9u encoberto, chuva ao longo do dia e queda de temperatura no sul e no leste paulista, incluindo a capital, a Grande S\u00e3o Paulo, o Vale do Para\u00edba e o Vale do Ribeira. No litoral, a chuva pode ser persistente, com risco de alagamentos. Tamb\u00e9m h\u00e1 previs\u00e3o de ventos moderados a fortes e mar agitado.<\/p>\n<p>No <strong>Rio de Janeiro<\/strong>, a sexta-feira e o s\u00e1bado ser\u00e3o de <strong>sol<\/strong> e <strong>calor<\/strong>. A <strong>mudan\u00e7a no tempo ocorre no domingo<\/strong>, quando a chuva come\u00e7a pela manh\u00e3 no centro-sul do estado, incluindo a capital, a Regi\u00e3o Metropolitana, a Costa Verde e a Regi\u00e3o Serrana. Ao longo da tarde, a instabilidade se espalha para as demais \u00e1reas fluminenses. Na Costa Verde, h\u00e1 risco de chuva volumosa. O mar tamb\u00e9m deve ficar agitado.<\/p>\n<p>Em <strong>Minas Gerais<\/strong>, o <strong>tempo permanece est\u00e1vel<\/strong> na maior parte do estado durante todo o feriado. H\u00e1 possibilidade de pancadas de chuva apenas no Sul de Minas e na Zona da Mata, entre a tarde e a noite de domingo. Em Belo Horizonte e nas demais regi\u00f5es mineiras, a previs\u00e3o \u00e9 de sol e temperaturas elevadas.<\/p>\n<p>No <strong>Esp\u00edrito Santo<\/strong>, a sexta-feira e o s\u00e1bado ter\u00e3o predom\u00ednio de sol. No domingo, \u00e1reas de instabilidade avan\u00e7am pelo centro-sul do estado durante a tarde, alcan\u00e7ando a regi\u00e3o de Vit\u00f3ria. No norte capixaba, a chuva pode ocorrer \u00e0 noite.<\/p>\n<h2>Sul<\/h2>\n<p>A regi\u00e3o sul ser\u00e1 a mais afetada pela passagem da frente fria. No <strong>Rio Grande do Sul<\/strong>, h\u00e1 <strong>previs\u00e3o de chuva<\/strong> desde a madrugada de sexta-feira, com <strong>risco de temporais<\/strong> em v\u00e1rias regi\u00f5es. A instabilidade avan\u00e7a rapidamente pelo estado ao longo do dia. No s\u00e1bado, a chuva ainda ocorre em grande parte do territ\u00f3rio ga\u00facho, mas perde for\u00e7a gradualmente. A temperatura entra em queda ao longo do dia.<\/p>\n<p>No domingo, o ar frio predomina no Rio Grande do Sul. H\u00e1 possibilidade de geada em \u00e1reas da fronteira com o Uruguai e forma\u00e7\u00e3o de nevoeiro ao amanhecer.<\/p>\n<p>Em <strong>Santa Catarina<\/strong>, a sexta-feira come\u00e7a com sol, mas a <strong>chuva avan\u00e7a a partir da tarde<\/strong>. O s\u00e1bado ser\u00e1 de <strong>muitas nuvens<\/strong>, <strong>chuva frequente<\/strong> e <strong>queda de temperatura<\/strong>. No domingo, o tempo melhora em parte do estado, embora ainda haja previs\u00e3o de chuva fraca em \u00e1reas do litoral e do Vale do Itaja\u00ed.<\/p>\n<p>No <strong>Paran\u00e1<\/strong>, a sexta-feira ser\u00e1 de <strong>sol<\/strong> e <strong>calor<\/strong>. No s\u00e1bado, a <strong>chuva retorna<\/strong> a \u00e1reas do centro, sul, leste e \u00e0 Regi\u00e3o Metropolitana de Curitiba. No domingo, a <strong>instabilidade se espalha<\/strong> por todo o estado, com possibilidade de chuva a qualquer hora.<\/p>\n<h2>Centro-Oeste<\/h2>\n<p>No Centro-Oeste, o <strong>tempo firme predomina<\/strong> na maior parte da regi\u00e3o. Em <strong>Goi\u00e1s<\/strong>, no <strong>Distrito Federal<\/strong> e em <strong>grande parte de Mato Grosso<\/strong>, o feriado ser\u00e1 de <strong>sol<\/strong>, <strong>calor<\/strong> e <strong>baixa umidade do ar<\/strong>.<\/p>\n<p>Em <strong>Mato Grosso do Sul<\/strong>, a sexta-feira e boa parte do s\u00e1bado ainda ser\u00e3o de <strong>tempo aberto<\/strong>. A aproxima\u00e7\u00e3o da frente fria provoca <strong>aumento de nuvens<\/strong> e <strong>pancadas de chuva<\/strong> em \u00e1reas pr\u00f3ximas \u00e0 fronteira com o Paraguai. No domingo, os <strong>ventos frios reduzem as temperaturas<\/strong>, principalmente no sul do estado.<\/p>\n<h2>Nordeste<\/h2>\n<p>A <strong>chuva continua frequente<\/strong> no norte e no leste do nordeste durante o feriado prolongado. A atua\u00e7\u00e3o da Zona de Converg\u00eancia Intertropical mant\u00e9m condi\u00e7\u00f5es para pancadas de chuva no <strong>Maranh\u00e3o<\/strong>, no <strong>Piau\u00ed<\/strong>, no <strong>Cear\u00e1<\/strong>, no <strong>Rio Grande do Norte<\/strong> e na <strong>Para\u00edba<\/strong>.<\/p>\n<p>H\u00e1 <strong>risco de chuva forte<\/strong> em capitais como S\u00e3o Lu\u00eds, Teresina, Fortaleza, Natal e Jo\u00e3o Pessoa.<\/p>\n<p>No litoral leste da regi\u00e3o, a circula\u00e7\u00e3o de ventos favorece a <strong>forma\u00e7\u00e3o de nuvens carregadas<\/strong>. A chuva deve ocorrer com frequ\u00eancia no litoral e na Zona da Mata de Pernambuco, em Alagoas e no leste da Bahia. No interior, o tempo segue mais seco, com predom\u00ednio de sol em \u00e1reas do sert\u00e3o e do oeste baiano.<\/p>\n<h2>Norte<\/h2>\n<p>No Norte, o calor e a alta umidade mant\u00eam a previs\u00e3o de <strong>pancadas de chuva<\/strong> em grande parte da regi\u00e3o. Os maiores volumes s\u00e3o esperados no <strong>Amazonas<\/strong>, em <strong>Roraima<\/strong>, no norte do <strong>Par\u00e1<\/strong>, no <strong>Amap\u00e1<\/strong> e no centro-oeste do <strong>Acre<\/strong>.<\/p>\n<p>As capitais com maior risco de chuva forte s\u00e3o Manaus, Boa Vista, Bel\u00e9m e Macap\u00e1. Em Rond\u00f4nia, no extremo sul do Par\u00e1 e no centro-sul do Tocantins, incluindo Palmas, o sol aparece por mais tempo e a chance de chuva \u00e9 menor.<\/p>\n<\/div>\n","protected":false},"excerpt":{"rendered":"<p>O feriado prolongado de 1\u00ba de Maio ser\u00e1 marcado por mudan\u00e7as no tempo em diferentes regi\u00f5es do pa\u00eds. Enquanto \u00e1reas do interior ter\u00e3o predom\u00ednio de sol, calor e baixa umidade do ar, uma frente fria avan\u00e7a pelo centro-sul do Brasil e deve provocar chuva, ventos fortes e queda de temperatura entre sexta-feira (1\u00ba) e domingo [&hellip;]<\/p>\n","protected":false},"author":117,"featured_media":68942,"comment_status":"closed","ping_status":"closed","sticky":false,"template":"","format":"standard","meta":{"_themeisle_gutenberg_block_has_review":false,"_jetpack_memberships_contains_paid_content":false,"footnotes":""},"categories":[2],"tags":[150],"class_list":{"0":"post-68941","1":"post","2":"type-post","3":"status-publish","4":"format-standard","5":"has-post-thumbnail","7":"category-brasil","8":"tag-brasil"},"jetpack_featured_media_url":"https:\/\/crajubaremacao.com.br\/wp-content\/uploads\/2026\/04\/ibirapuera-1024x562-1-750x412-1.jpg","jetpack_sharing_enabled":true,"_links":{"self":[{"href":"https:\/\/crajubaremacao.com.br\/index.php?rest_route=\/wp\/v2\/posts\/68941","targetHints":{"allow":["GET"]}}],"collection":[{"href":"https:\/\/crajubaremacao.com.br\/index.php?rest_route=\/wp\/v2\/posts"}],"about":[{"href":"https:\/\/crajubaremacao.com.br\/index.php?rest_route=\/wp\/v2\/types\/post"}],"author":[{"embeddable":true,"href":"https:\/\/crajubaremacao.com.br\/index.php?rest_route=\/wp\/v2\/users\/117"}],"replies":[{"embeddable":true,"href":"https:\/\/crajubaremacao.com.br\/index.php?rest_route=%2Fwp%2Fv2%2Fcomments&post=68941"}],"version-history":[{"count":0,"href":"https:\/\/crajubaremacao.com.br\/index.php?rest_route=\/wp\/v2\/posts\/68941\/revisions"}],"wp:featuredmedia":[{"embeddable":true,"href":"https:\/\/crajubaremacao.com.br\/index.php?rest_route=\/wp\/v2\/media\/68942"}],"wp:attachment":[{"href":"https:\/\/crajubaremacao.com.br\/index.php?rest_route=%2Fwp%2Fv2%2Fmedia&parent=68941"}],"wp:term":[{"taxonomy":"category","embeddable":true,"href":"https:\/\/crajubaremacao.com.br\/index.php?rest_route=%2Fwp%2Fv2%2Fcategories&post=68941"},{"taxonomy":"post_tag","embeddable":true,"href":"https:\/\/crajubaremacao.com.br\/index.php?rest_route=%2Fwp%2Fv2%2Ftags&post=68941"}],"curies":[{"name":"wp","href":"https:\/\/api.w.org\/{rel}","templated":true}]}}