{"id":68943,"date":"2026-04-30T12:01:37","date_gmt":"2026-04-30T15:01:37","guid":{"rendered":"https:\/\/crajubaremacao.com.br\/?p=68943"},"modified":"2026-04-30T12:01:37","modified_gmt":"2026-04-30T15:01:37","slug":"gilmar-elogia-messias-apos-rejeicao-ao-stf-brasil-ganha-em-te-lo-onde-estiver","status":"publish","type":"post","link":"https:\/\/crajubaremacao.com.br\/?p=68943","title":{"rendered":"Gilmar elogia Messias ap\u00f3s rejei\u00e7\u00e3o ao STF: \u2018Brasil ganha em t\u00ea-lo onde estiver\u2019"},"content":{"rendered":"<div>\n<div style=\"margin-bottom: 15px;\"><img decoding=\"async\" class=\"type:primaryImage\" src=\"https:\/\/jpimg.com.br\/uploads\/2025\/08\/54693251029_1504be10c2_k-729x500.jpg\"><\/div>\n<p><?xml encoding=\"UTF-8\"><\/p>\n<p>O ministro <strong>Gilmar Mendes, do Supremo Tribunal Federal (STF)<\/strong>, escreveu diversos elogios nas redes sociais ao Advogado-Geral da Uni\u00e3o Jorge Messias, que teve sua entrada na Suprema Corte barrada ontem em vota\u00e7\u00e3o no plen\u00e1rio do Senado.<\/p>\n<p>O <strong>magistrado afirmou que o AGU \u00e9 um dos maiores juristas da hist\u00f3ria recente do Brasil<\/strong>, e que ele tem uma trajet\u00f3ria \u201cmarcada por dignidade, retid\u00e3o e dedica\u00e7\u00e3o ao servi\u00e7o p\u00fablico\u201d. Gilmar escreveu que sempre defendeu publicamente que Messias possui as qualidades necess\u00e1rias para assumir o cargo de ministro do STF.<\/p>\n<p>Seguindo o texto, o<strong> juiz diz que Messias passou por \u201crigoroso escrut\u00ednio p\u00fablico\u201d<\/strong> e que teve a sua honra atacada, mas que lidou com a situa\u00e7\u00e3o com \u201ccoragem, dignidade e humildade\u201d. Concluiu dizendo que a hist\u00f3ria ir\u00e1 fazer justi\u00e7a \u00e0 sua trajet\u00f3ria e que o \u201cBrasil ganha em t\u00ea-lo onde estiver\u201d.<\/p>\n<p>Apesar dos elogios ao AGU, Gilmar defendeu<strong> tamb\u00e9m o direito do Senado em rejeitar sua candidatura<\/strong>\u00a0e afirmou que a decis\u00e3o deve ser respeitada.<\/p>\n<blockquote class=\"twitter-tweet\">\n<p dir=\"ltr\" lang=\"pt\">O Senado Federal exerceu, com a soberania que lhe \u00e9 pr\u00f3pria, sua prerrogativa constitucional de sabatinar e deliberar sobre nomes indicados ao STF \u2014 miss\u00e3o centen\u00e1ria que deve ser pautada pelo interesse p\u00fablico e pelos requisitos do cargo. A decis\u00e3o do Senado deve ser respeitada.\u2026<\/p>\n<p>\u2014 Gilmar Mendes (@gilmarmendes) <a href=\"https:\/\/twitter.com\/gilmarmendes\/status\/2049852828559028532?ref_src=twsrc%5Etfw\">April 30, 2026<\/a><\/p>\n<\/blockquote>\n<p><script async src=\"https:\/\/platform.twitter.com\/widgets.js\" charset=\"utf-8\"><\/script><\/p>\n<p><a href=\"https:\/\/jovempan.com.br\/noticias\/politica\/messias-reprovacao-sabatina-ccj-do-senado-stf.html\"><strong>Foram 42 votos contra a entrada de Messias no STF<\/strong><\/a>, 34 a favor e uma absten\u00e7\u00e3o. Ele foi o primeiro nome a n\u00e3o ser aprovado para o cargo desde 1894.<\/p>\n<h2>Derrota hist\u00f3rica<\/h2>\n<p>A\u00a0<strong>expectativa geral era de que o AGU fosse aprovado\u00a0<\/strong>para a vaga deixada pelo ex-ministro Lu\u00eds Roberto Barroso. No entanto, a\u00a0<strong><a href=\"https:\/\/jovempan.com.br\/opiniao-jovem-pan\/comentaristas\/bruno-pinheiro\/oposicao-se-mobiliza-e-torna-sabatina-de-messias-a-maior-batalha-de-lula-no-congresso.html\">oposi\u00e7\u00e3o ao governo do presidente Luiz In\u00e1cio Lula da Silva (PT)<\/a><\/strong>\u00a0se movimentou nas \u00faltimas semanas para\u00a0<strong>barrar a indica\u00e7\u00e3o<\/strong>. Aliados admitiram que a rejei\u00e7\u00e3o \u00e9 a\u00a0<strong><a href=\"https:\/\/jovempan.com.br\/noticias\/politica\/rejeicao-de-messias-e-a-maior-derrota-do-governo-lula-3-e-fortalece-flavio-admitem-aliados.html\">maior derrota do terceiro mandato do petista<\/a><\/strong>\u00a0e fortalece o pr\u00e9-candidato ao Planalto e senador, Fl\u00e1vio Bolsonaro (PL-RJ).<\/p>\n<\/div>\n","protected":false},"excerpt":{"rendered":"<p>O ministro Gilmar Mendes, do Supremo Tribunal Federal (STF), escreveu diversos elogios nas redes sociais ao Advogado-Geral da Uni\u00e3o Jorge Messias, que teve sua entrada na Suprema Corte barrada ontem em vota\u00e7\u00e3o no plen\u00e1rio do Senado. O magistrado afirmou que o AGU \u00e9 um dos maiores juristas da hist\u00f3ria recente do Brasil, e que ele [&hellip;]<\/p>\n","protected":false},"author":117,"featured_media":68944,"comment_status":"closed","ping_status":"closed","sticky":false,"template":"","format":"standard","meta":{"_themeisle_gutenberg_block_has_review":false,"_jetpack_memberships_contains_paid_content":false,"footnotes":""},"categories":[9],"tags":[129],"class_list":{"0":"post-68943","1":"post","2":"type-post","3":"status-publish","4":"format-standard","5":"has-post-thumbnail","7":"category-politica","8":"tag-politica"},"jetpack_featured_media_url":"https:\/\/crajubaremacao.com.br\/wp-content\/uploads\/2026\/04\/54693251029_1504be10c2_k-729x500-1.jpg","jetpack_sharing_enabled":true,"_links":{"self":[{"href":"https:\/\/crajubaremacao.com.br\/index.php?rest_route=\/wp\/v2\/posts\/68943","targetHints":{"allow":["GET"]}}],"collection":[{"href":"https:\/\/crajubaremacao.com.br\/index.php?rest_route=\/wp\/v2\/posts"}],"about":[{"href":"https:\/\/crajubaremacao.com.br\/index.php?rest_route=\/wp\/v2\/types\/post"}],"author":[{"embeddable":true,"href":"https:\/\/crajubaremacao.com.br\/index.php?rest_route=\/wp\/v2\/users\/117"}],"replies":[{"embeddable":true,"href":"https:\/\/crajubaremacao.com.br\/index.php?rest_route=%2Fwp%2Fv2%2Fcomments&post=68943"}],"version-history":[{"count":0,"href":"https:\/\/crajubaremacao.com.br\/index.php?rest_route=\/wp\/v2\/posts\/68943\/revisions"}],"wp:featuredmedia":[{"embeddable":true,"href":"https:\/\/crajubaremacao.com.br\/index.php?rest_route=\/wp\/v2\/media\/68944"}],"wp:attachment":[{"href":"https:\/\/crajubaremacao.com.br\/index.php?rest_route=%2Fwp%2Fv2%2Fmedia&parent=68943"}],"wp:term":[{"taxonomy":"category","embeddable":true,"href":"https:\/\/crajubaremacao.com.br\/index.php?rest_route=%2Fwp%2Fv2%2Fcategories&post=68943"},{"taxonomy":"post_tag","embeddable":true,"href":"https:\/\/crajubaremacao.com.br\/index.php?rest_route=%2Fwp%2Fv2%2Ftags&post=68943"}],"curies":[{"name":"wp","href":"https:\/\/api.w.org\/{rel}","templated":true}]}}