{"id":68950,"date":"2026-04-30T17:23:18","date_gmt":"2026-04-30T20:23:18","guid":{"rendered":"https:\/\/crajubaremacao.com.br\/?p=68950"},"modified":"2026-04-30T17:23:18","modified_gmt":"2026-04-30T20:23:18","slug":"mec-pretende-lancar-aplicativo-gratuito-com-aulas-de-ingles-e-espanho","status":"publish","type":"post","link":"https:\/\/crajubaremacao.com.br\/?p=68950","title":{"rendered":"MEC pretende lan\u00e7ar aplicativo gratuito com aulas de ingl\u00eas e espanho"},"content":{"rendered":"<p>Programa foi prometido dia 1\u00ba de abril, mas at\u00e9 agora n\u00e3o foi lan\u00e7ado &#8211; (cr\u00e9dito: Divulga\u00e7\u00e3o\/MEC)<\/p>\n<p>&nbsp;<\/p>\n<p class=\"texto\">No dia 1\u00ba de abril, o ex-ministro da Educa\u00e7\u00e3o (MEC), Camilo Santana, anunciou a plataforma MEC Idiomas ao lado do presidente Lula. Foi sua \u00faltima atividade oficial no cargo. &#8220;Ainda este m\u00eas ter\u00e1 o MEC Idiomas&#8221;, garantiu. No dia seguinte, Leonardo Barchini assumiu o Minist\u00e9rio. Abril est\u00e1 acabando. O aplicativo n\u00e3o tem previs\u00e3o de ser lan\u00e7ado.<\/p>\n<p class=\"texto\">Procurada pelo Correio, a Assessoria de Comunica\u00e7\u00e3o do MEC informou, nesta sexta-feira (24), que o aplicativo est\u00e1 em desenvolvimento, mas sem data certa para o lan\u00e7amento.<\/p>\n<p>O MEC Idiomas ser\u00e1 um aplicativo gratuito de ingl\u00eas e espanhol, acessado pela conta\u00a0<a href=\"http:\/\/gov.br\/\" target=\"_blank\" rel=\"noopener\" data-saferedirecturl=\"https:\/\/www.google.com\/url?q=http:\/\/gov.br&amp;source=gmail&amp;ust=1777147782344000&amp;usg=AOvVaw03jfRTaLLLFjZWqX69Lymx\">gov.br<\/a>, com 800 aulas organizadas em seis n\u00edveis de profici\u00eancia, do A1 ao C2. O usu\u00e1rio far\u00e1 um teste de nivelamento, seguindo uma trilha de aprendizagem e ter\u00e1 \u00e0 disposi\u00e7\u00e3o um agente de intelig\u00eancia artificial para tirar d\u00favidas e praticar conversa\u00e7\u00e3o. O governo previu investimento de R$ 1,68 milh\u00e3o por ano, com capacidade para atender 16 mil alunos por semestre.<\/p>\n<p>O MEC Livros, anunciado no mesmo dia, segue outro rumo. O acervo saltou de 8 mil para 25 mil obras a partir desta sexta-feira (24), an\u00fancio feito na v\u00e9spera em cerim\u00f4nia pelo Dia Mundial do Livro. Em duas semanas de opera\u00e7\u00e3o, o aplicativo j\u00e1 registrou 586 mil usu\u00e1rios cadastrados.<\/p>\n","protected":false},"excerpt":{"rendered":"<p>Programa foi prometido dia 1\u00ba de abril, mas at\u00e9 agora n\u00e3o foi lan\u00e7ado &#8211; (cr\u00e9dito: Divulga\u00e7\u00e3o\/MEC) &nbsp; No dia 1\u00ba de abril, o ex-ministro da Educa\u00e7\u00e3o (MEC), Camilo Santana, anunciou a plataforma MEC Idiomas ao lado do presidente Lula. Foi sua \u00faltima atividade oficial no cargo. &#8220;Ainda este m\u00eas ter\u00e1 o MEC Idiomas&#8221;, garantiu. No [&hellip;]<\/p>\n","protected":false},"author":130,"featured_media":68951,"comment_status":"open","ping_status":"open","sticky":false,"template":"","format":"standard","meta":{"_themeisle_gutenberg_block_has_review":false,"_jetpack_memberships_contains_paid_content":false,"footnotes":""},"categories":[2,123,1],"tags":[],"class_list":{"0":"post-68950","1":"post","2":"type-post","3":"status-publish","4":"format-standard","5":"has-post-thumbnail","7":"category-brasil","8":"category-educacao","9":"category-todas-noticias"},"jetpack_featured_media_url":"https:\/\/crajubaremacao.com.br\/wp-content\/uploads\/2026\/04\/1_mec-livros-66430454-materia.webp","jetpack_sharing_enabled":true,"_links":{"self":[{"href":"https:\/\/crajubaremacao.com.br\/index.php?rest_route=\/wp\/v2\/posts\/68950","targetHints":{"allow":["GET"]}}],"collection":[{"href":"https:\/\/crajubaremacao.com.br\/index.php?rest_route=\/wp\/v2\/posts"}],"about":[{"href":"https:\/\/crajubaremacao.com.br\/index.php?rest_route=\/wp\/v2\/types\/post"}],"author":[{"embeddable":true,"href":"https:\/\/crajubaremacao.com.br\/index.php?rest_route=\/wp\/v2\/users\/130"}],"replies":[{"embeddable":true,"href":"https:\/\/crajubaremacao.com.br\/index.php?rest_route=%2Fwp%2Fv2%2Fcomments&post=68950"}],"version-history":[{"count":1,"href":"https:\/\/crajubaremacao.com.br\/index.php?rest_route=\/wp\/v2\/posts\/68950\/revisions"}],"predecessor-version":[{"id":68952,"href":"https:\/\/crajubaremacao.com.br\/index.php?rest_route=\/wp\/v2\/posts\/68950\/revisions\/68952"}],"wp:featuredmedia":[{"embeddable":true,"href":"https:\/\/crajubaremacao.com.br\/index.php?rest_route=\/wp\/v2\/media\/68951"}],"wp:attachment":[{"href":"https:\/\/crajubaremacao.com.br\/index.php?rest_route=%2Fwp%2Fv2%2Fmedia&parent=68950"}],"wp:term":[{"taxonomy":"category","embeddable":true,"href":"https:\/\/crajubaremacao.com.br\/index.php?rest_route=%2Fwp%2Fv2%2Fcategories&post=68950"},{"taxonomy":"post_tag","embeddable":true,"href":"https:\/\/crajubaremacao.com.br\/index.php?rest_route=%2Fwp%2Fv2%2Ftags&post=68950"}],"curies":[{"name":"wp","href":"https:\/\/api.w.org\/{rel}","templated":true}]}}