{"id":68953,"date":"2026-04-30T18:01:21","date_gmt":"2026-04-30T21:01:21","guid":{"rendered":"https:\/\/crajubaremacao.com.br\/?p=68953"},"modified":"2026-04-30T18:01:21","modified_gmt":"2026-04-30T21:01:21","slug":"familiares-dos-condenados-do-8-de-janeiro-comemoram-decisao-do-congresso-veja-video","status":"publish","type":"post","link":"https:\/\/crajubaremacao.com.br\/?p=68953","title":{"rendered":"Familiares dos condenados do 8 de Janeiro comemoram decis\u00e3o do Congresso: veja v\u00eddeo"},"content":{"rendered":"<div>\n<div style=\"margin-bottom: 15px;\"><img decoding=\"async\" class=\"type:primaryImage\" src=\"https:\/\/jpimg.com.br\/uploads\/2026\/04\/familiares-dos-condenados-de-8-de-janeiro-comemoram-decisao-do-congresso-do-veto-ao-pl-da-dosimetria-750x423.jpg\"><\/div>\n<p><?xml encoding=\"UTF-8\"><\/p>\n<p>Ap\u00f3s a derrubada do veto ao projeto de lei (PL) da Dosimetria na tarde desta quinta-feira (30) no Congresso Nacional, familiares de condenados do 8 de janeiro, que acompanhavam a vota\u00e7\u00e3o no local,<strong> comemoraram o resultado da delibera\u00e7\u00e3o cantando o Hino Nacional brasileiro e gritando \u201clibertem Bolsonaro\u201d enquanto se abra\u00e7am.<\/strong><\/p>\n<p>O projeto diminui as penas aplicadas a condenados por <strong>tentativa de golpe de Estado<\/strong>\u00a0e por\u00a0<strong>envolvimento nos atos golpistas<\/strong>\u00a0de 8 de janeiro de 2023. A decis\u00e3o\u00a0<strong>beneficiar\u00e1 o ex-presidente Jair Bolsonaro<\/strong>, com a diminui\u00e7\u00e3o de sua pena.<\/p>\n<p data-yield-master-placement-inserted=\"\">A C\u00e2mara dos Deputados votou primeiro e formou maioria para derrubar o veto. Foram\u00a0<strong>318 votos favor\u00e1veis \u00e0 derrubada<\/strong>\u00a0e\u00a0<strong>144 contr\u00e1rios<\/strong>. J\u00e1 no Senado, foram\u00a0<strong>49 votos para a derrubada do veto<\/strong>\u00a0e\u00a0<strong>24 votos contra<\/strong>.<\/p>\n<h3>Veja o v\u00eddeo<\/h3>\n<blockquote class=\"instagram-media\" style=\"background: #FFF; border: 0; border-radius: 3px; box-shadow: 0 0 1px 0 rgba(0,0,0,0.5),0 1px 10px 0 rgba(0,0,0,0.15); margin: 1px; max-width: 540px; min-width: 326px; padding: 0; width: calc(100% - 2px);\" data-instgrm-captioned=\"\" data-instgrm-permalink=\"https:\/\/www.instagram.com\/reel\/DXxLqmjDQkF\/?utm_source=ig_embed&amp;utm_campaign=loading\" data-instgrm-version=\"14\">\n<div style=\"padding: 16px;\">\n\u00a0<\/p>\n<div style=\"display: flex; flex-direction: row; align-items: center;\">\n<div style=\"background-color: #f4f4f4; border-radius: 50%; flex-grow: 0; height: 40px; margin-right: 14px; width: 40px;\"><\/div>\n<div style=\"display: flex; flex-direction: column; flex-grow: 1; justify-content: center;\">\n<div style=\"background-color: #f4f4f4; border-radius: 4px; flex-grow: 0; height: 14px; margin-bottom: 6px; width: 100px;\"><\/div>\n<div style=\"background-color: #f4f4f4; border-radius: 4px; flex-grow: 0; height: 14px; width: 60px;\"><\/div>\n<\/div>\n<\/div>\n<div style=\"padding: 19% 0;\"><\/div>\n<div style=\"display: block; height: 50px; margin: 0 auto 12px; width: 50px;\"><\/div>\n<div style=\"padding-top: 8px;\">\n<div style=\"color: #3897f0; font-family: Arial,sans-serif; font-size: 14px; font-style: normal; font-weight: 550; line-height: 18px;\">Ver essa foto no Instagram<\/div>\n<\/div>\n<div style=\"padding: 12.5% 0;\"><\/div>\n<div style=\"display: flex; flex-direction: row; margin-bottom: 14px; align-items: center;\">\n<div>\n<div style=\"background-color: #f4f4f4; border-radius: 50%; height: 12.5px; width: 12.5px; transform: translateX(0px) translateY(7px);\"><\/div>\n<div style=\"background-color: #f4f4f4; height: 12.5px; transform: rotate(-45deg) translateX(3px) translateY(1px); width: 12.5px; flex-grow: 0; margin-right: 14px; margin-left: 2px;\"><\/div>\n<div style=\"background-color: #f4f4f4; border-radius: 50%; height: 12.5px; width: 12.5px; transform: translateX(9px) translateY(-18px);\"><\/div>\n<\/div>\n<div style=\"margin-left: 8px;\">\n<div style=\"background-color: #f4f4f4; border-radius: 50%; flex-grow: 0; height: 20px; width: 20px;\"><\/div>\n<div style=\"width: 0; height: 0; border-top: 2px solid transparent; border-left: 6px solid #f4f4f4; border-bottom: 2px solid transparent; transform: translateX(16px) translateY(-4px) rotate(30deg);\"><\/div>\n<\/div>\n<div style=\"margin-left: auto;\">\n<div style=\"width: 0px; border-top: 8px solid #F4F4F4; border-right: 8px solid transparent; transform: translateY(16px);\"><\/div>\n<div style=\"background-color: #f4f4f4; flex-grow: 0; height: 12px; width: 16px; transform: translateY(-4px);\"><\/div>\n<div style=\"width: 0; height: 0; border-top: 8px solid #F4F4F4; border-left: 8px solid transparent; transform: translateY(-4px) translateX(8px);\"><\/div>\n<\/div>\n<\/div>\n<div style=\"display: flex; flex-direction: column; flex-grow: 1; justify-content: center; margin-bottom: 24px;\">\n<div style=\"background-color: #f4f4f4; border-radius: 4px; flex-grow: 0; height: 14px; margin-bottom: 6px; width: 224px;\"><\/div>\n<div style=\"background-color: #f4f4f4; border-radius: 4px; flex-grow: 0; height: 14px; width: 144px;\"><\/div>\n<\/div>\n<p>\u00a0<br \/>\nUm post compartilhado por Jovem Pan NEWS (@jovempannews)\n<\/p><\/div>\n<\/blockquote>\n<p><script async src=\"\/\/www.instagram.com\/embed.js\"><\/script><\/p>\n<\/div>\n","protected":false},"excerpt":{"rendered":"<p>Ap\u00f3s a derrubada do veto ao projeto de lei (PL) da Dosimetria na tarde desta quinta-feira (30) no Congresso Nacional, familiares de condenados do 8 de janeiro, que acompanhavam a vota\u00e7\u00e3o no local, comemoraram o resultado da delibera\u00e7\u00e3o cantando o Hino Nacional brasileiro e gritando \u201clibertem Bolsonaro\u201d enquanto se abra\u00e7am. O projeto diminui as penas [&hellip;]<\/p>\n","protected":false},"author":117,"featured_media":68954,"comment_status":"closed","ping_status":"closed","sticky":false,"template":"","format":"standard","meta":{"_themeisle_gutenberg_block_has_review":false,"_jetpack_memberships_contains_paid_content":false,"footnotes":""},"categories":[9],"tags":[129],"class_list":{"0":"post-68953","1":"post","2":"type-post","3":"status-publish","4":"format-standard","5":"has-post-thumbnail","7":"category-politica","8":"tag-politica"},"jetpack_featured_media_url":"https:\/\/crajubaremacao.com.br\/wp-content\/uploads\/2026\/04\/familiares-dos-condenados-de-8-de-janeiro-comemoram-decisao-do-congresso-do-veto-ao-pl-da-dosimetria-750x423-1.jpg","jetpack_sharing_enabled":true,"_links":{"self":[{"href":"https:\/\/crajubaremacao.com.br\/index.php?rest_route=\/wp\/v2\/posts\/68953","targetHints":{"allow":["GET"]}}],"collection":[{"href":"https:\/\/crajubaremacao.com.br\/index.php?rest_route=\/wp\/v2\/posts"}],"about":[{"href":"https:\/\/crajubaremacao.com.br\/index.php?rest_route=\/wp\/v2\/types\/post"}],"author":[{"embeddable":true,"href":"https:\/\/crajubaremacao.com.br\/index.php?rest_route=\/wp\/v2\/users\/117"}],"replies":[{"embeddable":true,"href":"https:\/\/crajubaremacao.com.br\/index.php?rest_route=%2Fwp%2Fv2%2Fcomments&post=68953"}],"version-history":[{"count":0,"href":"https:\/\/crajubaremacao.com.br\/index.php?rest_route=\/wp\/v2\/posts\/68953\/revisions"}],"wp:featuredmedia":[{"embeddable":true,"href":"https:\/\/crajubaremacao.com.br\/index.php?rest_route=\/wp\/v2\/media\/68954"}],"wp:attachment":[{"href":"https:\/\/crajubaremacao.com.br\/index.php?rest_route=%2Fwp%2Fv2%2Fmedia&parent=68953"}],"wp:term":[{"taxonomy":"category","embeddable":true,"href":"https:\/\/crajubaremacao.com.br\/index.php?rest_route=%2Fwp%2Fv2%2Fcategories&post=68953"},{"taxonomy":"post_tag","embeddable":true,"href":"https:\/\/crajubaremacao.com.br\/index.php?rest_route=%2Fwp%2Fv2%2Ftags&post=68953"}],"curies":[{"name":"wp","href":"https:\/\/api.w.org\/{rel}","templated":true}]}}