{"id":68955,"date":"2026-04-30T18:01:24","date_gmt":"2026-04-30T21:01:24","guid":{"rendered":"https:\/\/crajubaremacao.com.br\/?p=68955"},"modified":"2026-04-30T18:01:24","modified_gmt":"2026-04-30T21:01:24","slug":"desemprego-marca-61-e-renova-minima-para-o-periodo","status":"publish","type":"post","link":"https:\/\/crajubaremacao.com.br\/?p=68955","title":{"rendered":"Desemprego marca 6,1% e renova m\u00ednima para o per\u00edodo"},"content":{"rendered":"<p>Fila de desempregados em ag\u00eancia no RSReprodu\u00e7\u00e3o \/ CUT O pa\u00eds registrou alta no\u00a0desemprego no primeiro trimestre frente aos tr\u00eas meses anteriores, atingindo o maior n\u00edvel desde maio de 2025, sob efeito sazonal. Ainda assim, o resultado representa a\u00a0menor n\u00edvel da s\u00e9rie para trimestres encerrados em mar\u00e7o, apesar da leve perda de f\u00f4lego do mercado de trabalho.Esse \u00e9 o patamar mais elevado desde o trimestre encerrado em maio de 2025, quando o desemprego ficou em 6,2%, \u00faltima vez em que o indicador esteve na faixa dos 6%. No primeiro trimestre de 2025, a taxa era de 7%. Leia mais&#8230;<\/p>\n","protected":false},"excerpt":{"rendered":"<div>Alta no in\u00edcio do ano reflete efeito sazonal, enquanto renda m\u00e9dia atinge n\u00edvel recorde e mercado de trabalho segue aquecido<\/div>\n","protected":false},"author":263,"featured_media":68956,"comment_status":"open","ping_status":"closed","sticky":false,"template":"","format":"standard","meta":{"_themeisle_gutenberg_block_has_review":false,"_jetpack_memberships_contains_paid_content":false,"footnotes":""},"categories":[13],"tags":[154],"class_list":{"0":"post-68955","1":"post","2":"type-post","3":"status-publish","4":"format-standard","5":"has-post-thumbnail","7":"category-economia","8":"tag-economia"},"jetpack_featured_media_url":"https:\/\/crajubaremacao.com.br\/wp-content\/uploads\/2026\/04\/8nkf3prg7b83u141ppnwtodl0.jpg","jetpack_sharing_enabled":true,"_links":{"self":[{"href":"https:\/\/crajubaremacao.com.br\/index.php?rest_route=\/wp\/v2\/posts\/68955","targetHints":{"allow":["GET"]}}],"collection":[{"href":"https:\/\/crajubaremacao.com.br\/index.php?rest_route=\/wp\/v2\/posts"}],"about":[{"href":"https:\/\/crajubaremacao.com.br\/index.php?rest_route=\/wp\/v2\/types\/post"}],"author":[{"embeddable":true,"href":"https:\/\/crajubaremacao.com.br\/index.php?rest_route=\/wp\/v2\/users\/263"}],"replies":[{"embeddable":true,"href":"https:\/\/crajubaremacao.com.br\/index.php?rest_route=%2Fwp%2Fv2%2Fcomments&post=68955"}],"version-history":[{"count":0,"href":"https:\/\/crajubaremacao.com.br\/index.php?rest_route=\/wp\/v2\/posts\/68955\/revisions"}],"wp:featuredmedia":[{"embeddable":true,"href":"https:\/\/crajubaremacao.com.br\/index.php?rest_route=\/wp\/v2\/media\/68956"}],"wp:attachment":[{"href":"https:\/\/crajubaremacao.com.br\/index.php?rest_route=%2Fwp%2Fv2%2Fmedia&parent=68955"}],"wp:term":[{"taxonomy":"category","embeddable":true,"href":"https:\/\/crajubaremacao.com.br\/index.php?rest_route=%2Fwp%2Fv2%2Fcategories&post=68955"},{"taxonomy":"post_tag","embeddable":true,"href":"https:\/\/crajubaremacao.com.br\/index.php?rest_route=%2Fwp%2Fv2%2Ftags&post=68955"}],"curies":[{"name":"wp","href":"https:\/\/api.w.org\/{rel}","templated":true}]}}