{"id":68957,"date":"2026-04-30T18:01:29","date_gmt":"2026-04-30T21:01:29","guid":{"rendered":"https:\/\/crajubaremacao.com.br\/?p=68957"},"modified":"2026-04-30T18:01:29","modified_gmt":"2026-04-30T21:01:29","slug":"trump-diz-que-pode-retirar-tropas-dos-eua-da-espanha-italia-e-alemanha","status":"publish","type":"post","link":"https:\/\/crajubaremacao.com.br\/?p=68957","title":{"rendered":"Trump diz que pode retirar tropas dos EUA da Espanha, It\u00e1lia e Alemanha"},"content":{"rendered":"<div><img decoding=\"async\" src=\"https:\/\/s2-g1.glbimg.com\/xvP62mPZw37SDlLsTAr7f5QR9XM=\/i.s3.glbimg.com\/v1\/AUTH_59edd422c0c84a879bd37670ae4f538a\/internal_photos\/bs\/2026\/3\/B\/qFkgKKRfWdpSfvNMwVHw\/2026-04-30t192425z-376055108-rc2vzkabfhv2-rtrmadp-3-usa-trump.jpg\"><br \/>     Trump amea\u00e7a retirar tropas americanas da Alemanha<br \/>\nO presidente dos Estados Unidos, Donald Trump, afirmou nesta quinta-feira (30) que pode retirar tropas americanas da Espanha e da It\u00e1lia, al\u00e9m da Alemanha. A medida seria uma resposta \u00e0 rea\u00e7\u00e3o desses pa\u00edses \u00e0 guerra contra o Ir\u00e3.<br \/>\n&#x2705; Siga o canal de not\u00edcias internacionais do g1 no WhatsApp<br \/>\nA declara\u00e7\u00e3o foi feita durante uma coletiva de imprensa ap\u00f3s uma pergunta sobre a poss\u00edvel retirada de tropas da Alemanha, anunciada por Trump na quarta-feira (29). Questionado se a decis\u00e3o poderia se estender a outros pa\u00edses europeus, ele respondeu que sim.<br \/>\n\u201cProvavelmente vou fazer isso. A It\u00e1lia n\u00e3o tem ajudado em nada e a Espanha tem sido horr\u00edvel, absolutamente horr\u00edvel\u201d, afirmou.<br \/>\nNa quarta, em uma rede social, Trump disse que os \u201cEstados Unidos est\u00e3o estudando e revisando uma poss\u00edvel redu\u00e7\u00e3o do n\u00famero de tropas na Alemanha\u201d e que uma decis\u00e3o deve ser tomada em breve.<br \/>\nA fala ocorreu ap\u00f3s o chanceler alem\u00e3o, Friedrich Merz, dizer que os EUA estavam sendo \u201chumilhados\u201d na guerra contra o Ir\u00e3.<br \/>\nA Alemanha est\u00e1 entre os pa\u00edses da Otan que autorizaram o uso de bases militares no territ\u00f3rio para ataques contra o Ir\u00e3 \u2014 decis\u00e3o elogiada por Trump. No in\u00edcio de mar\u00e7o, durante visita de Merz \u00e0 Casa Branca, o presidente disse que o pa\u00eds era um parceiro \u00fatil.<br \/>\nEspanha e It\u00e1lia adotaram postura mais restritiva. No fim de mar\u00e7o, o governo espanhol fechou o espa\u00e7o a\u00e9reo para aeronaves americanas envolvidas na guerra. J\u00e1 os italianos negaram o uso de uma base a\u00e9rea na Sic\u00edlia em opera\u00e7\u00f5es de combate.<br \/>\nNo in\u00edcio de abril, o jornal The Wall Street Journal revelou que Trump avaliava punir pa\u00edses da Otan por falta de apoio \u00e0 guerra contra o Ir\u00e3. Entre as medidas estaria a transfer\u00eancia de tropas para pa\u00edses que apoiaram a ofensiva no Oriente M\u00e9dio, como Pol\u00f4nia, Rom\u00eania, Litu\u00e2nia e Gr\u00e9cia.<br \/>\nO plano tamb\u00e9m inclui a possibilidade de fechar uma base militar dos EUA na Europa, possivelmente na Espanha ou na Alemanha, segundo o jornal.<br \/>\nO presidente dos Estados Unidos, Donald Trump, durante conversa com jornalistas na Casa Branca em 30 de abril de 2026<br \/>\nREUTERS\/Jonathan Ernst<br \/>\nV\u00cdDEOS: mais assistidos do g1<\/div>\n","protected":false},"excerpt":{"rendered":"<p>Trump amea\u00e7a retirar tropas americanas da Alemanha O presidente dos Estados Unidos, Donald Trump, afirmou nesta quinta-feira (30) que pode retirar tropas americanas da Espanha e da It\u00e1lia, al\u00e9m da Alemanha. A medida seria uma resposta \u00e0 rea\u00e7\u00e3o desses pa\u00edses \u00e0 guerra contra o Ir\u00e3. &#x2705; Siga o canal de not\u00edcias internacionais do g1 no [&hellip;]<\/p>\n","protected":false},"author":261,"featured_media":68958,"comment_status":"closed","ping_status":"closed","sticky":false,"template":"","format":"standard","meta":{"_themeisle_gutenberg_block_has_review":false,"_jetpack_memberships_contains_paid_content":false,"footnotes":""},"categories":[5],"tags":[155],"class_list":{"0":"post-68957","1":"post","2":"type-post","3":"status-publish","4":"format-standard","5":"has-post-thumbnail","7":"category-internacionais","8":"tag-mundo"},"jetpack_featured_media_url":"https:\/\/crajubaremacao.com.br\/wp-content\/uploads\/2026\/04\/2026-04-30t192425z-376055108-rc2vzkabfhv2-rtrmadp-3-usa-trump-scaled.jpg","jetpack_sharing_enabled":true,"_links":{"self":[{"href":"https:\/\/crajubaremacao.com.br\/index.php?rest_route=\/wp\/v2\/posts\/68957","targetHints":{"allow":["GET"]}}],"collection":[{"href":"https:\/\/crajubaremacao.com.br\/index.php?rest_route=\/wp\/v2\/posts"}],"about":[{"href":"https:\/\/crajubaremacao.com.br\/index.php?rest_route=\/wp\/v2\/types\/post"}],"author":[{"embeddable":true,"href":"https:\/\/crajubaremacao.com.br\/index.php?rest_route=\/wp\/v2\/users\/261"}],"replies":[{"embeddable":true,"href":"https:\/\/crajubaremacao.com.br\/index.php?rest_route=%2Fwp%2Fv2%2Fcomments&post=68957"}],"version-history":[{"count":0,"href":"https:\/\/crajubaremacao.com.br\/index.php?rest_route=\/wp\/v2\/posts\/68957\/revisions"}],"wp:featuredmedia":[{"embeddable":true,"href":"https:\/\/crajubaremacao.com.br\/index.php?rest_route=\/wp\/v2\/media\/68958"}],"wp:attachment":[{"href":"https:\/\/crajubaremacao.com.br\/index.php?rest_route=%2Fwp%2Fv2%2Fmedia&parent=68957"}],"wp:term":[{"taxonomy":"category","embeddable":true,"href":"https:\/\/crajubaremacao.com.br\/index.php?rest_route=%2Fwp%2Fv2%2Fcategories&post=68957"},{"taxonomy":"post_tag","embeddable":true,"href":"https:\/\/crajubaremacao.com.br\/index.php?rest_route=%2Fwp%2Fv2%2Ftags&post=68957"}],"curies":[{"name":"wp","href":"https:\/\/api.w.org\/{rel}","templated":true}]}}