{"id":68964,"date":"2026-05-01T00:00:59","date_gmt":"2026-05-01T03:00:59","guid":{"rendered":"https:\/\/crajubaremacao.com.br\/?p=68964"},"modified":"2026-05-01T00:00:59","modified_gmt":"2026-05-01T03:00:59","slug":"deputado-e-vereador-de-cuiaba-sao-suspeitos-em-operacao-que-investiga-desvio-de-emendas","status":"publish","type":"post","link":"https:\/\/crajubaremacao.com.br\/?p=68964","title":{"rendered":"Deputado e vereador de Cuiab\u00e1 s\u00e3o suspeitos em opera\u00e7\u00e3o que investiga desvio de emendas"},"content":{"rendered":"<div>\n<div style=\"margin-bottom: 15px;\"><img decoding=\"async\" class=\"type:primaryImage\" src=\"https:\/\/jpimg.com.br\/uploads\/2026\/04\/movimentacao-do-cumprimento-da-operacao-emenda-oculta--750x423.jpg\"><\/div>\n<p><?xml encoding=\"UTF-8\"><\/p>\n<p>A Opera\u00e7\u00e3o Emenda Oculta, que apura o direcionamento irregular de emendas parlamentares para institutos privados ligados a agentes pol\u00edticos, foi deflagrada nesta quinta-feira (30) pelo Minist\u00e9rio P\u00fablico (MP) do Mato Grosso. A investiga\u00e7\u00e3o envolve o deputado estadual<strong> Elizeu Nascimento (Novo)<\/strong> al\u00e9m de seu irm\u00e3o, o vereador por Cuiab\u00e1 <strong>Cezinha Nascimento (Uni\u00e3o).<\/strong><\/p>\n<p>A a\u00e7\u00e3o \u00e9 conduzida pelo N\u00facleo de A\u00e7\u00f5es de Compet\u00eancia Origin\u00e1ria (Naco), com apoio da Pol\u00edcia Judici\u00e1ria Civil e da Controladoria-Geral do Estado.<\/p>\n<p>Segundo o MP-MT, durante a opera\u00e7\u00e3o foram cumpridas medidas de busca e apreens\u00e3o domiciliar, pessoal e veicular relacionadas aos irm\u00e3os, ao <strong>Instituto Social MatoGrossense (ISMAT) e ao Instituto Brasil Central (IBRACE),<\/strong> que s\u00e3o alvos da opera\u00e7\u00e3o.<\/p>\n<p>Segundo o Naco, os valores eram repassados \u00e0 empresa <strong>Sem Limite Esporte e Evento LTDA,<\/strong> que depois devolvia em dinheiro aos parlamentares respons\u00e1veis pelas emendas.<\/p>\n<p>Durante a opera\u00e7\u00e3o, os investigadores apreenderam <strong>cerca de R$ 200 mil em dinheiro<\/strong>, al\u00e9m de aparelhos celulares, notebooks e documentos que podem contribuir para o avan\u00e7o das investiga\u00e7\u00f5es. O Tribunal de Justi\u00e7a de Mato Grosso autorizou a quebra dos sigilos banc\u00e1rio e fiscal, o n\u00e3o acesso aos bens e o bloqueio de valores dos envolvidos.<\/p>\n<h3><strong>Outro lado\u00a0<\/strong><\/h3>\n<p>A assessoria do vereador Cezinha Nascimento informou \u00e0 <strong>Jovem Pan<\/strong> que os fatos est\u00e3o sendo devidamente acompanhados e analisados pelas inst\u00e2ncias competentes. \u201cEsclarece-se que, at\u00e9 o presente momento, os advogados ainda n\u00e3o tiveram acesso aos autos, tendo em vista o tr\u00e2mite sob sigilo. Registra-se, ainda, que o vereador recepcionou os agentes de seguran\u00e7a em sua resid\u00eancia, colaborando de forma integral para o cumprimento das dilig\u00eancias realizadas\u201d, disse em nota.<\/p>\n<p>O vereador deixou claro que <strong>aguarda o andamento e os desdobramentos das apura\u00e7\u00f5es para uma \u201ceventual manifesta\u00e7\u00e3o mais aprofundada\u201d<\/strong> e que est\u00e1 \u00e0 disposi\u00e7\u00e3o para maiores esclarecimentos.<\/p>\n<p>O Tribunal de Justi\u00e7a de Mato Grosso tamb\u00e9m autorizou a quebra dos sigilos banc\u00e1rio e fiscal, bem como a indisponibilidade de bens e o bloqueio de valores dos envolvidos.<\/p>\n<p>A opera\u00e7\u00e3o contou ainda com a participa\u00e7\u00e3o de servidores da Delegacia Especializada de Combate \u00e0 Corrup\u00e7\u00e3o (Deccor), da Delegacia Especializada em Crimes Fazend\u00e1rios e do Grupo de Atua\u00e7\u00e3o Especial de Combate ao Crime Organizado (Gaeco).<\/p>\n<p>A <strong>Jovem Pan<\/strong> entrou em contato com o deputado Elizeu Nascimento, o Instituto Social MatoGrossense (ISMAT) e o Instituto Brasil Central (IBRACE), mas, at\u00e9 o momento da publica\u00e7\u00e3o desta reportagem, n\u00e3o obteve resposta. O espa\u00e7o segue aberto.<\/p>\n<\/div>\n","protected":false},"excerpt":{"rendered":"<p>A Opera\u00e7\u00e3o Emenda Oculta, que apura o direcionamento irregular de emendas parlamentares para institutos privados ligados a agentes pol\u00edticos, foi deflagrada nesta quinta-feira (30) pelo Minist\u00e9rio P\u00fablico (MP) do Mato Grosso. A investiga\u00e7\u00e3o envolve o deputado estadual Elizeu Nascimento (Novo) al\u00e9m de seu irm\u00e3o, o vereador por Cuiab\u00e1 Cezinha Nascimento (Uni\u00e3o). A a\u00e7\u00e3o \u00e9 conduzida [&hellip;]<\/p>\n","protected":false},"author":117,"featured_media":68965,"comment_status":"closed","ping_status":"closed","sticky":false,"template":"","format":"standard","meta":{"_themeisle_gutenberg_block_has_review":false,"_jetpack_memberships_contains_paid_content":false,"footnotes":""},"categories":[9],"tags":[129],"class_list":{"0":"post-68964","1":"post","2":"type-post","3":"status-publish","4":"format-standard","5":"has-post-thumbnail","7":"category-politica","8":"tag-politica"},"jetpack_featured_media_url":"https:\/\/crajubaremacao.com.br\/wp-content\/uploads\/2026\/05\/movimentacao-do-cumprimento-da-operacao-emenda-oculta-750x423-1.jpg","jetpack_sharing_enabled":true,"_links":{"self":[{"href":"https:\/\/crajubaremacao.com.br\/index.php?rest_route=\/wp\/v2\/posts\/68964","targetHints":{"allow":["GET"]}}],"collection":[{"href":"https:\/\/crajubaremacao.com.br\/index.php?rest_route=\/wp\/v2\/posts"}],"about":[{"href":"https:\/\/crajubaremacao.com.br\/index.php?rest_route=\/wp\/v2\/types\/post"}],"author":[{"embeddable":true,"href":"https:\/\/crajubaremacao.com.br\/index.php?rest_route=\/wp\/v2\/users\/117"}],"replies":[{"embeddable":true,"href":"https:\/\/crajubaremacao.com.br\/index.php?rest_route=%2Fwp%2Fv2%2Fcomments&post=68964"}],"version-history":[{"count":0,"href":"https:\/\/crajubaremacao.com.br\/index.php?rest_route=\/wp\/v2\/posts\/68964\/revisions"}],"wp:featuredmedia":[{"embeddable":true,"href":"https:\/\/crajubaremacao.com.br\/index.php?rest_route=\/wp\/v2\/media\/68965"}],"wp:attachment":[{"href":"https:\/\/crajubaremacao.com.br\/index.php?rest_route=%2Fwp%2Fv2%2Fmedia&parent=68964"}],"wp:term":[{"taxonomy":"category","embeddable":true,"href":"https:\/\/crajubaremacao.com.br\/index.php?rest_route=%2Fwp%2Fv2%2Fcategories&post=68964"},{"taxonomy":"post_tag","embeddable":true,"href":"https:\/\/crajubaremacao.com.br\/index.php?rest_route=%2Fwp%2Fv2%2Ftags&post=68964"}],"curies":[{"name":"wp","href":"https:\/\/api.w.org\/{rel}","templated":true}]}}