{"id":68970,"date":"2026-05-01T03:00:13","date_gmt":"2026-05-01T06:00:13","guid":{"rendered":"https:\/\/crajubaremacao.com.br\/?p=68970"},"modified":"2026-05-01T03:00:13","modified_gmt":"2026-05-01T06:00:13","slug":"pedestre-morre-apos-ser-atropelado-na-br-116-no-ceara-motorista-fugiu","status":"publish","type":"post","link":"https:\/\/crajubaremacao.com.br\/?p=68970","title":{"rendered":"Pedestre morre ap\u00f3s ser atropelado na BR-116 no Cear\u00e1; motorista fugiu"},"content":{"rendered":"<div><img decoding=\"async\" src=\"https:\/\/s2-g1.glbimg.com\/dAM2ZUh0uJV5bjc_-FGDnlN_fpM=\/i.s3.glbimg.com\/v1\/AUTH_59edd422c0c84a879bd37670ae4f538a\/internal_photos\/bs\/2026\/q\/h\/rdW8FMRVagRUZ0LTAf3A\/image-94-1-.png\"><br \/>     Pedestre morre ap\u00f3s ser atropelado na BR-116 no Cear\u00e1.<br \/>\nReprodu\u00e7\u00e3o<br \/>\nUm homem de 49 anos morreu, nesta quinta-feira (30), ap\u00f3s ser atropelado enquanto andava pela BR-116. O caso aconteceu em Barro, no interior do Cear\u00e1. O local do acidente possui baixa ilumina\u00e7\u00e3o, conforme a Pol\u00edcia Rodovi\u00e1ria Federal (PRF).<br \/>\nO condutor do ve\u00edculo envolvido no atropelamento fugiu do local, de acordo com a PRF. O homem n\u00e3o foi identificado at\u00e9 a publica\u00e7\u00e3o desta reportagem. A v\u00edtima morava no munic\u00edpio onde ocorreu o atropelamento.<br \/>\nClique aqui para seguir o canal do g1 Cear\u00e1 no WhatsApp<br \/>\nA PRF disse ainda que n\u00e3o foram encontradas testemunhas que visualizaram o acidente. A Per\u00edcia Forense compareceu ao local.<br \/>\nLEIA TAMB\u00c9M:<br \/>\nMotorista atropela casal em moto, foge e quase atropela crian\u00e7as no Cear\u00e1; v\u00eddeo<br \/>\nMotorista \u00e9 autuado dois dias seguidos por descarte irregular de lixo e leva bronca de ciclista<br \/>\nN\u00e3o houve obstru\u00e7\u00e3o de fluxo j\u00e1 que a v\u00edtima se encontrava no acostamento j\u00e1 sem vida. Vest\u00edgios indicam que a pessoa seguia no sentido interior-capital da rodovia quando foi atropelada.<br \/>\nAssista aos v\u00eddeos mais vistos do Cear\u00e1<\/div>\n","protected":false},"excerpt":{"rendered":"<p>Pedestre morre ap\u00f3s ser atropelado na BR-116 no Cear\u00e1. Reprodu\u00e7\u00e3o Um homem de 49 anos morreu, nesta quinta-feira (30), ap\u00f3s ser atropelado enquanto andava pela BR-116. O caso aconteceu em Barro, no interior do Cear\u00e1. O local do acidente possui baixa ilumina\u00e7\u00e3o, conforme a Pol\u00edcia Rodovi\u00e1ria Federal (PRF). O condutor do ve\u00edculo envolvido no atropelamento [&hellip;]<\/p>\n","protected":false},"author":264,"featured_media":68971,"comment_status":"closed","ping_status":"closed","sticky":false,"template":"","format":"standard","meta":{"_themeisle_gutenberg_block_has_review":false,"_jetpack_memberships_contains_paid_content":false,"footnotes":""},"categories":[4],"tags":[127,130],"class_list":{"0":"post-68970","1":"post","2":"type-post","3":"status-publish","4":"format-standard","5":"has-post-thumbnail","7":"category-regiao","8":"tag-cariri","9":"tag-ceara"},"jetpack_featured_media_url":"https:\/\/crajubaremacao.com.br\/wp-content\/uploads\/2026\/05\/image-94-1-.png","jetpack_sharing_enabled":true,"_links":{"self":[{"href":"https:\/\/crajubaremacao.com.br\/index.php?rest_route=\/wp\/v2\/posts\/68970","targetHints":{"allow":["GET"]}}],"collection":[{"href":"https:\/\/crajubaremacao.com.br\/index.php?rest_route=\/wp\/v2\/posts"}],"about":[{"href":"https:\/\/crajubaremacao.com.br\/index.php?rest_route=\/wp\/v2\/types\/post"}],"author":[{"embeddable":true,"href":"https:\/\/crajubaremacao.com.br\/index.php?rest_route=\/wp\/v2\/users\/264"}],"replies":[{"embeddable":true,"href":"https:\/\/crajubaremacao.com.br\/index.php?rest_route=%2Fwp%2Fv2%2Fcomments&post=68970"}],"version-history":[{"count":0,"href":"https:\/\/crajubaremacao.com.br\/index.php?rest_route=\/wp\/v2\/posts\/68970\/revisions"}],"wp:featuredmedia":[{"embeddable":true,"href":"https:\/\/crajubaremacao.com.br\/index.php?rest_route=\/wp\/v2\/media\/68971"}],"wp:attachment":[{"href":"https:\/\/crajubaremacao.com.br\/index.php?rest_route=%2Fwp%2Fv2%2Fmedia&parent=68970"}],"wp:term":[{"taxonomy":"category","embeddable":true,"href":"https:\/\/crajubaremacao.com.br\/index.php?rest_route=%2Fwp%2Fv2%2Fcategories&post=68970"},{"taxonomy":"post_tag","embeddable":true,"href":"https:\/\/crajubaremacao.com.br\/index.php?rest_route=%2Fwp%2Fv2%2Ftags&post=68970"}],"curies":[{"name":"wp","href":"https:\/\/api.w.org\/{rel}","templated":true}]}}