{"id":68974,"date":"2026-05-01T03:00:32","date_gmt":"2026-05-01T06:00:32","guid":{"rendered":"https:\/\/crajubaremacao.com.br\/?p=68974"},"modified":"2026-05-01T03:00:32","modified_gmt":"2026-05-01T06:00:32","slug":"enem-2026-ultimo-dia-para-pedir-isencao-da-taxa-de-inscricao-interessados-devem-fazer-solicitacao-na-pagina-do-participante-do-inep","status":"publish","type":"post","link":"https:\/\/crajubaremacao.com.br\/?p=68974","title":{"rendered":"Enem 2026: \u00faltimo dia para pedir isen\u00e7\u00e3o da taxa de inscri\u00e7\u00e3o Interessados devem fazer solicita\u00e7\u00e3o na P\u00e1gina do Participante do Inep"},"content":{"rendered":"<div>\n<p>\u00a0<strong style='box-sizing: border-box; color: #0c1a3d; font-family: \"Tipo Brasil Rounded\", Inter, sans-serif; margin: 0px; padding: 0px;'>Os interessados em ter a isen\u00e7\u00e3o da taxa de inscri\u00e7\u00e3o do Exame Nacional do Ensino M\u00e9dio (Enem) 2026 devem fazer a solicita\u00e7\u00e3o ao Instituto Nacional de Estudos e Pesquisas Educacionais An\u00edsio Teixeira (Inep) termina \u00e0s 23 horas e 59 minutos desta quinta-feira (30).<\/strong><img decoding=\"async\" src=\"https:\/\/agenciabrasil.ebc.com.br\/ebc.png?id=1687795&amp;o=node\" style='border: 0px; box-sizing: border-box; color: #0c1a3d; display: inline; font-family: \"Tipo Brasil Rounded\", Inter, sans-serif; height: 1px; margin: 0px; padding: 0px; width: 1px;'><img decoding=\"async\" src=\"https:\/\/agenciabrasil.ebc.com.br\/ebc.gif?id=1687795&amp;o=node\" style='border: 0px; box-sizing: border-box; color: #0c1a3d; display: inline; font-family: \"Tipo Brasil Rounded\", Inter, sans-serif; height: 1px; margin: 0px; padding: 0px; width: 1px;'><\/p>\n<p style='background-color: white; box-sizing: border-box; color: #0c1a3d; font-family: \"Tipo Brasil Rounded\", Inter, sans-serif; line-height: 1.5; margin: 1.3rem 0px 0px; padding: 0px;'>O prazo tamb\u00e9m valer\u00e1 para o candidato que obteve a isen\u00e7\u00e3o de pagamento da taxa de inscri\u00e7\u00e3o do Enem de 2025 e n\u00e3o compareceu \u00e0s provas nos dois dias de aplica\u00e7\u00e3o, em novembro passado,\u00a0se desejar solicitar nova isen\u00e7\u00e3o para o Enem 2026.<\/p>\n<p style='background-color: white; box-sizing: border-box; color: #0c1a3d; font-family: \"Tipo Brasil Rounded\", Inter, sans-serif; line-height: 1.5; margin: 1.3rem 0px 0px; padding: 0px;'>Os dois procedimentos devem ser feitos na\u00a0<a href=\"https:\/\/enem.inep.gov.br\/participante\/#!\/\" style=\"box-sizing: border-box; color: #1e3394; font-weight: 700; margin: 0px; padding: 0px; text-decoration: none;\" target=\"_blank\">P\u00e1gina do Participante<\/a>\u00a0do exame, com o login no portal \u00fanico de servi\u00e7os digitais do governo federal, o Gov.br.<\/p>\n<h2 style='background-color: white; box-sizing: border-box; color: #0c1a3d; font-family: \"Tipo Brasil Rounded\", Inter, sans-serif; margin: 1.25em 0px 0px; padding: 0px;'>Quem tem direito<\/h2>\n<p style='background-color: white; box-sizing: border-box; color: #0c1a3d; font-family: \"Tipo Brasil Rounded\", Inter, sans-serif; line-height: 1.5; margin: 1.3rem 0px 0px; padding: 0px;'>Para pedir a isen\u00e7\u00e3o da taxa de inscri\u00e7\u00e3o, os candidatos devem se enquadrar nos seguintes perfis:<\/p>\n<p style='background-color: white; box-sizing: border-box; color: #0c1a3d; font-family: \"Tipo Brasil Rounded\", Inter, sans-serif; line-height: 1.5; margin: 1.3rem 0px 0px; padding: 0px;'>\u00b7 estar matriculado no \u00faltimo ano do ensino m\u00e9dio em escola p\u00fablica (em\u202f2026);<\/p>\n<p style='background-color: white; box-sizing: border-box; color: #0c1a3d; font-family: \"Tipo Brasil Rounded\", Inter, sans-serif; line-height: 1.5; margin: 1.3rem 0px 0px; padding: 0px;'>\u00b7 ter cursado todo o ensino m\u00e9dio em escola p\u00fablica ou como bolsista integral em escola privada e possuir renda igual ou inferior a um sal\u00e1rio m\u00ednimo e meio;<\/p>\n<p style='background-color: white; box-sizing: border-box; color: #0c1a3d; font-family: \"Tipo Brasil Rounded\", Inter, sans-serif; line-height: 1.5; margin: 1.3rem 0px 0px; padding: 0px;'>\u00b7 ter inscri\u00e7\u00e3o ativa no Cadastro \u00danico para Programas Sociais do governo federal (Cad\u00danico) por estar em situa\u00e7\u00e3o de vulnerabilidade socioecon\u00f4mica. A falta de atualiza\u00e7\u00e3o no Cad\u00danico pode levar ao indeferimento da isen\u00e7\u00e3o no Enem;<\/p>\n<p style='background-color: white; box-sizing: border-box; color: #0c1a3d; font-family: \"Tipo Brasil Rounded\", Inter, sans-serif; line-height: 1.5; margin: 1.3rem 0px 0px; padding: 0px;'>\u00b7 ser participante do Programa P\u00e9-de-Meia do Minist\u00e9rio da Educa\u00e7\u00e3o (MEC).<\/p>\n<p style='background-color: white; box-sizing: border-box; color: #0c1a3d; font-family: \"Tipo Brasil Rounded\", Inter, sans-serif; line-height: 1.5; margin: 1.3rem 0px 0px; padding: 0px;'>E para quem precisa justificar a aus\u00eancia no exame do ano passado para garantir a gratuidade na edi\u00e7\u00e3o de 2026, precisa conferir os documentos aceitos que comprovem as condi\u00e7\u00f5es declaradas, est\u00e3o listados no\u00a0<a href=\"https:\/\/www.in.gov.br\/web\/dou\/-\/edital-n-21-de-25-de-marco-de-2026-696989916\" style=\"box-sizing: border-box; color: #1e3394; font-weight: 700; margin: 0px; padding: 0px; text-decoration: none;\" target=\"_blank\">anexo I do edital<\/a>\u00a0 do Enem 2026 que trata de cada uma das situa\u00e7\u00f5es que podem ser justificadas na \u00faltima edi\u00e7\u00e3o do exame.\u00a0<a href=\"https:\/\/agenciabrasil.ebc.com.br\/educacao\/noticia\/2026-04\/enem-2026-saiba-documentacao-para-justificar-ausencia-em-2025\" style=\"box-sizing: border-box; color: #1e3394; font-weight: 700; margin: 0px; padding: 0px; text-decoration: none;\" target=\"_blank\">Confira aqui<\/a>.\u00a0\u00a0<\/p>\n<h2 style='background-color: white; box-sizing: border-box; color: #0c1a3d; font-family: \"Tipo Brasil Rounded\", Inter, sans-serif; margin: 1.25em 0px 0px; padding: 0px;'>Resultados<\/h2>\n<p style='background-color: white; box-sizing: border-box; color: #0c1a3d; font-family: \"Tipo Brasil Rounded\", Inter, sans-serif; line-height: 1.5; margin: 1.3rem 0px 0px; padding: 0px;'>O Inep esclarece que n\u00e3o enviar\u00e1 qualquer tipo de correspond\u00eancia \u00e0 resid\u00eancia do participante para informar quaisquer resultados da justificativa de aus\u00eancia no Enem 2025\u00a0e da solicita\u00e7\u00e3o de isen\u00e7\u00e3o de pagamento da taxa de inscri\u00e7\u00e3o no Enem 2026.\u00a0<\/p>\n<p style='background-color: white; box-sizing: border-box; color: #0c1a3d; font-family: \"Tipo Brasil Rounded\", Inter, sans-serif; line-height: 1.5; margin: 1.3rem 0px 0px; padding: 0px;'>\u00c9 de responsabilidade do candidato enquadrados nestas duas situa\u00e7\u00f5es acessar a P\u00e1gina do Participante do Inep e consultar seu resultado.<\/p>\n<p style='background-color: white; box-sizing: border-box; color: #0c1a3d; font-family: \"Tipo Brasil Rounded\", Inter, sans-serif; line-height: 1.5; margin: 1.3rem 0px 0px; padding: 0px;'><strong style=\"box-sizing: border-box; margin: 0px; padding: 0px;\">De acordo com o novo calend\u00e1rio do Enem 2026, o resultado dos pedidos de isen\u00e7\u00e3o ser\u00e1 divulgado em 13 de maio.<\/strong><\/p>\n<p style='background-color: white; box-sizing: border-box; color: #0c1a3d; font-family: \"Tipo Brasil Rounded\", Inter, sans-serif; line-height: 1.5; margin: 1.3rem 0px 0px; padding: 0px;'>Quem tiver o pedido negado poder\u00e1 recorrer administrativamente entre 13 e 19 de maio.<\/p>\n<p style='background-color: white; box-sizing: border-box; color: #0c1a3d; font-family: \"Tipo Brasil Rounded\", Inter, sans-serif; line-height: 1.5; margin: 1.3rem 0px 0px; padding: 0px;'><strong style=\"box-sizing: border-box; margin: 0px; padding: 0px;\">O resultado final dos recursos sair\u00e1 em 25 de maio.<\/strong><\/p>\n<h2 style='background-color: white; box-sizing: border-box; color: #0c1a3d; font-family: \"Tipo Brasil Rounded\", Inter, sans-serif; margin: 1.25em 0px 0px; padding: 0px;'>Inscri\u00e7\u00e3o em futura data<\/h2>\n<p style='background-color: white; box-sizing: border-box; color: #0c1a3d; font-family: \"Tipo Brasil Rounded\", Inter, sans-serif; line-height: 1.5; margin: 1.3rem 0px 0px; padding: 0px;'>A inscri\u00e7\u00e3o no Enem \u00e9 obrigat\u00f3ria, mesmo para quem solicitou a isen\u00e7\u00e3o e teve o deferimento concedido.<\/p>\n<p style='background-color: white; box-sizing: border-box; color: #0c1a3d; font-family: \"Tipo Brasil Rounded\", Inter, sans-serif; line-height: 1.5; margin: 1.3rem 0px 0px; padding: 0px;'>Independentemente do resultado do pedido de\u202fisen\u00e7\u00e3o, o estudante precisar\u00e1 se inscrever oficialmente no\u202fEnem. O per\u00edodo ainda ser\u00e1 estabelecido em futuro edital do exame a ser publicado pelo Inep.<\/p>\n<p style='background-color: white; box-sizing: border-box; color: #0c1a3d; font-family: \"Tipo Brasil Rounded\", Inter, sans-serif; line-height: 1.5; margin: 1.3rem 0px 0px; padding: 0px;'>O candidato que teve o pedido do recurso de isen\u00e7\u00e3o negado em definitivo, em 25 de maio, ainda ter\u00e1 que pagar a taxa para se inscrever no exame.<\/p>\n<h2 style='background-color: white; box-sizing: border-box; color: #0c1a3d; font-family: \"Tipo Brasil Rounded\", Inter, sans-serif; margin: 1.25em 0px 0px; padding: 0px;'>Enem<\/h2>\n<p style='background-color: white; box-sizing: border-box; color: #0c1a3d; font-family: \"Tipo Brasil Rounded\", Inter, sans-serif; line-height: 1.5; margin: 1.3rem 0px 0px; padding: 0px;'>O Exame Nacional do Ensino M\u00e9dio \u00e9 considerado a principal forma de entrada na educa\u00e7\u00e3o superior no Brasil, por meio de programas federais como Sistema de Sele\u00e7\u00e3o Unificada (Sisu), Programa Universidade para Todos (Prouni) e Fundo de Financiamento Estudantil (Fies).<\/p>\n<p style='background-color: white; box-sizing: border-box; color: #0c1a3d; font-family: \"Tipo Brasil Rounded\", Inter, sans-serif; line-height: 1.5; margin: 1.3rem 0px 0px; padding: 0px;'>Desde a edi\u00e7\u00e3o de 2025, o Enem voltou a certificar a conclus\u00e3o dessa etapa de ensino para os candidatos com 18 anos completos e que tamb\u00e9m alcancem a pontua\u00e7\u00e3o m\u00ednima em cada \u00e1rea do conhecimento nas provas e na reda\u00e7\u00e3o.<\/p>\n<p style='background-color: white; box-sizing: border-box; color: #0c1a3d; font-family: \"Tipo Brasil Rounded\", Inter, sans-serif; line-height: 1.5; margin: 1.3rem 0px 0px; padding: 0px;'>Os resultados individuais do Enem tamb\u00e9m podem ser aproveitados nos processos seletivos de institui\u00e7\u00f5es de ensino superior de Portugal\u00a0que t\u00eam conv\u00eanio com o Inep para aceitarem as notas do exame.<\/p>\n<\/div>\n","protected":false},"excerpt":{"rendered":"<p>\u00a0Os interessados em ter a isen\u00e7\u00e3o da taxa de inscri\u00e7\u00e3o do Exame Nacional do Ensino M\u00e9dio (Enem) 2026 devem fazer a solicita\u00e7\u00e3o ao Instituto Nacional de Estudos e Pesquisas Educacionais An\u00edsio Teixeira (Inep) termina \u00e0s 23 horas e 59 minutos desta quinta-feira (30). O prazo tamb\u00e9m valer\u00e1 para o candidato que obteve a isen\u00e7\u00e3o de [&hellip;]<\/p>\n","protected":false},"author":88,"featured_media":0,"comment_status":"closed","ping_status":"closed","sticky":false,"template":"","format":"standard","meta":{"_themeisle_gutenberg_block_has_review":false,"_jetpack_memberships_contains_paid_content":false,"footnotes":""},"categories":[4],"tags":[127,130],"class_list":{"0":"post-68974","1":"post","2":"type-post","3":"status-publish","4":"format-standard","6":"category-regiao","7":"tag-cariri","8":"tag-ceara"},"jetpack_featured_media_url":"","jetpack_sharing_enabled":true,"_links":{"self":[{"href":"https:\/\/crajubaremacao.com.br\/index.php?rest_route=\/wp\/v2\/posts\/68974","targetHints":{"allow":["GET"]}}],"collection":[{"href":"https:\/\/crajubaremacao.com.br\/index.php?rest_route=\/wp\/v2\/posts"}],"about":[{"href":"https:\/\/crajubaremacao.com.br\/index.php?rest_route=\/wp\/v2\/types\/post"}],"author":[{"embeddable":true,"href":"https:\/\/crajubaremacao.com.br\/index.php?rest_route=\/wp\/v2\/users\/88"}],"replies":[{"embeddable":true,"href":"https:\/\/crajubaremacao.com.br\/index.php?rest_route=%2Fwp%2Fv2%2Fcomments&post=68974"}],"version-history":[{"count":0,"href":"https:\/\/crajubaremacao.com.br\/index.php?rest_route=\/wp\/v2\/posts\/68974\/revisions"}],"wp:attachment":[{"href":"https:\/\/crajubaremacao.com.br\/index.php?rest_route=%2Fwp%2Fv2%2Fmedia&parent=68974"}],"wp:term":[{"taxonomy":"category","embeddable":true,"href":"https:\/\/crajubaremacao.com.br\/index.php?rest_route=%2Fwp%2Fv2%2Fcategories&post=68974"},{"taxonomy":"post_tag","embeddable":true,"href":"https:\/\/crajubaremacao.com.br\/index.php?rest_route=%2Fwp%2Fv2%2Ftags&post=68974"}],"curies":[{"name":"wp","href":"https:\/\/api.w.org\/{rel}","templated":true}]}}