{"id":68975,"date":"2026-05-01T05:30:12","date_gmt":"2026-05-01T08:30:12","guid":{"rendered":"https:\/\/crajubaremacao.com.br\/?p=68975"},"modified":"2026-05-01T05:30:12","modified_gmt":"2026-05-01T08:30:12","slug":"jucec-lanca-primeiro-servico-do-governo-do-ceara-com-uso-de-ia-para-analise-documental","status":"publish","type":"post","link":"https:\/\/crajubaremacao.com.br\/?p=68975","title":{"rendered":"Jucec lan\u00e7a primeiro servi\u00e7o do Governo do Cear\u00e1 com uso de IA para an\u00e1lise documental"},"content":{"rendered":"<div>\n<p>A Junta Comercial do Estado do Cear\u00e1 (Jucec) realizou, nesta quinta-feira (30), no audit\u00f3rio do Conselho Regional de Contabilidade do Cear\u00e1 (CRCCE), o lan\u00e7amento oficial do Assistente de An\u00e1lise Documental com uso de Intelig\u00eancia Artificial. A iniciativa marca a disponibiliza\u00e7\u00e3o do primeiro servi\u00e7o do Governo do Estado voltado ao cidad\u00e3o com aplica\u00e7\u00e3o de IA na an\u00e1lise de documentos empresariais.<\/p>\n<p>O evento contou com a presen\u00e7a do presidente da Jucec, Eduardo Jereissati; do presidente do CRCCE, Rondinnely Coelho; e do secret\u00e1rio executivo do Com\u00e9rcio, Servi\u00e7o e Inova\u00e7\u00e3o, representando o secret\u00e1rio da Secretaria do Desenvolvimento Econ\u00f4mico (SDE), F\u00e1bio Feij\u00f3. Tamb\u00e9m participaram da solenidade, vogais e servidores da Jucec; profissionais da contabilidade, advogados e estudantes da \u00e1rea, que acompanharam a apresenta\u00e7\u00e3o da nova ferramenta em primeira m\u00e3o.<\/p>\n<p>A solu\u00e7\u00e3o representa um avan\u00e7o na transforma\u00e7\u00e3o digital dos servi\u00e7os p\u00fablicos no Cear\u00e1 e posiciona o estado como refer\u00eancia em inova\u00e7\u00e3o aplicada ao ambiente de neg\u00f3cios. Integrado ao Portal de Servi\u00e7os da Jucec, o assistente atua como um pr\u00e9-analista inteligente, capaz de ler documentos em PDF, cruzar informa\u00e7\u00f5es com a Ficha de Cadastro Nacional (FCN) e com a base de dados da Junta, identificando poss\u00edveis inconsist\u00eancias antes mesmo do protocolo.<\/p>\n<figure class=\"wp-block-image alignleft\"><img decoding=\"async\" src=\"https:\/\/www.jucec.ce.gov.br\/wp-content\/uploads\/sites\/42\/2026\/04\/1R8A6089-600x400.jpg\" alt=\"\" class=\"wp-image-11891\"><\/figure>\n<p>\u201cSabemos que boa parte dos processos enfrenta pend\u00eancias que atrasam a aprova\u00e7\u00e3o. Com esse assistente, reduzimos esse problema na origem, o que representa ganho de tempo e produtividade para todos. O Cear\u00e1 sai na frente ao disponibilizar para o p\u00fablico externo um servi\u00e7o com intelig\u00eancia artificial voltado \u00e0 an\u00e1lise documental. Isso refor\u00e7a nosso compromisso com a inova\u00e7\u00e3o e com a melhoria cont\u00ednua do ambiente de neg\u00f3cios\u201d, destacou o presidente da Jucec, Eduardo Jereissati.<\/p>\n<p>O presidente do CRCCE, Rondinnely Coelho, tamb\u00e9m destacou o impacto positivo da ferramenta para a classe cont\u00e1bil e para o ambiente de neg\u00f3cios.<\/p>\n<figure class=\"wp-block-image alignright\"><img decoding=\"async\" src=\"https:\/\/www.jucec.ce.gov.br\/wp-content\/uploads\/sites\/42\/2026\/04\/1R8A5951-600x400.jpg\" alt=\"\" class=\"wp-image-11892\"><\/figure>\n<p>\u201cA classe cont\u00e1bil, por estar na linha de frente quando se fala de registro mercantil de empresas, passa a contar com um grande aliado para trazer mais qualidade, assertividade e celeridade nos procedimentos de abertura e altera\u00e7\u00e3o de empresas. Essa nova ferramenta gera ganhos para todos os envolvidos, trazendo mais seguran\u00e7a e efici\u00eancia para a sociedade, especialmente para o setor produtivo, com menos burocracia e mais agilidade\u201d, afirmou.<\/p>\n<p>Rondinnely ressaltou ainda os benef\u00edcios internos para a pr\u00f3pria Junta Comercial. \u201cA ferramenta tamb\u00e9m contribui para a redu\u00e7\u00e3o de retrabalhos e do tempo de entrega dos processos. A Jucec est\u00e1 de parab\u00e9ns e pode contar com a classe cont\u00e1bil em todos os processos de aprimoramento que visem melhorar o registro mercantil de empresas\u201d, completou.<\/p>\n<p>Vicente Ferrer destacou o cen\u00e1rio de crescimento econ\u00f4mico e o papel da Junta Comercial.<\/p>\n<figure class=\"wp-block-image alignleft\"><img decoding=\"async\" src=\"https:\/\/www.jucec.ce.gov.br\/wp-content\/uploads\/sites\/42\/2026\/04\/1R8A5979-600x400.jpg\" alt=\"\" class=\"wp-image-11893\"><\/figure>\n<p>\u201cO Cear\u00e1 vive um momento de forte expans\u00e3o empresarial, com mais de 1 milh\u00e3o de empresas ativas e um avan\u00e7o expressivo na abertura de novos neg\u00f3cios a cada ano. Para acompanhar esse ritmo, o Governo do Estado tem investido de forma estruturada em moderniza\u00e7\u00e3o e solu\u00e7\u00f5es tecnol\u00f3gicas. Nesse contexto, a Jucec se consolida como protagonista, promovendo inova\u00e7\u00e3o e contribuindo diretamente para o fortalecimento do ambiente de neg\u00f3cios\u201d, afirmou.\u00a0<\/p>\n<p>J\u00e1 em nome dos profissionais da contabilidade presentes no evento, o contador Levy Guedes tamb\u00e9m refor\u00e7ou a relev\u00e2ncia da inova\u00e7\u00e3o.<\/p>\n<p>\u201cA IA do JUCA \u00e9 uma ferramenta que veio para revolucionar o registro empresarial brasileiro, alinhando ainda mais a tecnologia aos processos de legaliza\u00e7\u00e3o de empresas, promovendo a facilita\u00e7\u00e3o ao empreendedorismo e est\u00edmulos \u00e0 economia do nosso Estado. N\u00e3o h\u00e1 d\u00favidas de que a IA do JUCA veio para ficar, tornando-se um grande aliado dos profissionais da contabilidade e do empreendedorismo cearense\u201d, destacou.\u00a0<\/p>\n<p>Inicialmente, a funcionalidade est\u00e1 dispon\u00edvel para atos de constitui\u00e7\u00e3o, altera\u00e7\u00e3o, transforma\u00e7\u00e3o e extin\u00e7\u00e3o de Empres\u00e1rio Individual (EI) e Sociedade Limitada (LTDA). Na pr\u00e1tica, o sistema permite que empres\u00e1rios e contadores corrijam erros antecipadamente, reduzindo retrabalho e aumentando a efici\u00eancia do processo. A an\u00e1lise ocorre em poucos segundos e apresenta poss\u00edveis diverg\u00eancias de forma objetiva.<\/p>\n<p>O presidente refor\u00e7ou ainda que a ferramenta n\u00e3o substitui o trabalho t\u00e9cnico, mas o qualifica: \u201cEle n\u00e3o se confunde com a fun\u00e7\u00e3o do analista, \u00e9 uma ferramenta que agrega valor ao servi\u00e7o. A tecnologia contribui para padronizar an\u00e1lises e diminuir o tempo entre protocolo, pr\u00e9-an\u00e1lise e an\u00e1lise final, beneficiando usu\u00e1rios e servidores\u201d.<\/p>\n<h3 class=\"wp-block-heading\">Impacto direto na agilidade dos processos<\/h3>\n<p>Atualmente, cerca de metade dos processos analisados manualmente apresenta algum tipo de pend\u00eancia, o que pode estender o prazo de conclus\u00e3o para at\u00e9 10 dias. Em contrapartida, processos sem inconsist\u00eancias podem ser aprovados em menos de 24 horas.<\/p>\n<p>Com a ado\u00e7\u00e3o da intelig\u00eancia artificial, a expectativa \u00e9 reduzir significativamente esse cen\u00e1rio, evitando que erros avancem para a etapa de an\u00e1lise formal e tornando o fluxo mais r\u00e1pido, previs\u00edvel e eficiente.<\/p>\n<p><strong>Entre os principais benef\u00edcios para os usu\u00e1rios est\u00e3o:<\/strong><\/p>\n<p>\u2013 Identifica\u00e7\u00e3o de erros antes do envio<\/p>\n<p>\u2013 Redu\u00e7\u00e3o de pend\u00eancias e exig\u00eancias<\/p>\n<p>\u2013 Menor retrabalho<\/p>\n<p>\u2013 Maior seguran\u00e7a nas informa\u00e7\u00f5es<\/p>\n<p>\u2013 Diminui\u00e7\u00e3o do tempo total de registro<\/p>\n<p>A ferramenta j\u00e1 est\u00e1 dispon\u00edvel para o p\u00fablico diretamente no Portal de Servi\u00e7os da Jucec, funcionando como uma etapa intermedi\u00e1ria entre o envio dos documentos e a assinatura do processo, oferecendo uma camada adicional de confer\u00eancia.<\/p>\n<p>O Assistente de An\u00e1lise Documental com IA integra a estrat\u00e9gia de moderniza\u00e7\u00e3o da Jucec, que opera com servi\u00e7os 100% digitais desde 2019, e representa mais um passo na oferta de solu\u00e7\u00f5es inteligentes voltadas ao cidad\u00e3o e ao setor produtivo.<\/p>\n<p>Para abrir a agenda do dia, foi realizada a 16\u00aa plen\u00e1ria com os vogais da Jucec. Em seguida, os membros prestigiaram o evento de lan\u00e7amento do novo servi\u00e7o.<\/p>\n<p>O post <a href=\"https:\/\/www.ce.gov.br\/2026\/04\/30\/jucec-lanca-primeiro-servico-do-governo-do-ceara-com-uso-de-ia-para-analise-documental-2\/\">Jucec lan\u00e7a primeiro servi\u00e7o do Governo do Cear\u00e1 com uso de IA para an\u00e1lise documental<\/a> apareceu primeiro em <a href=\"https:\/\/www.ce.gov.br\/\">Governo do Estado do Cear\u00e1<\/a>.<\/p>\n<\/div>\n","protected":false},"excerpt":{"rendered":"<p>A Junta Comercial do Estado do Cear\u00e1 (Jucec) realizou, nesta quinta-feira (30), no audit\u00f3rio do Conselho Regional de Contabilidade do Cear\u00e1 (CRCCE), o lan\u00e7amento oficial do Assistente de An\u00e1lise Documental com uso de Intelig\u00eancia Artificial. A iniciativa marca a disponibiliza\u00e7\u00e3o do primeiro servi\u00e7o do Governo do Estado voltado ao cidad\u00e3o com aplica\u00e7\u00e3o de IA na [&hellip;]<\/p>\n","protected":false},"author":265,"featured_media":68976,"comment_status":"closed","ping_status":"closed","sticky":false,"template":"","format":"standard","meta":{"_themeisle_gutenberg_block_has_review":false,"_jetpack_memberships_contains_paid_content":false,"footnotes":""},"categories":[4],"tags":[127,130],"class_list":{"0":"post-68975","1":"post","2":"type-post","3":"status-publish","4":"format-standard","5":"has-post-thumbnail","7":"category-regiao","8":"tag-cariri","9":"tag-ceara"},"jetpack_featured_media_url":"https:\/\/crajubaremacao.com.br\/wp-content\/uploads\/2026\/05\/1R8A6089-600x400-1.jpg","jetpack_sharing_enabled":true,"_links":{"self":[{"href":"https:\/\/crajubaremacao.com.br\/index.php?rest_route=\/wp\/v2\/posts\/68975","targetHints":{"allow":["GET"]}}],"collection":[{"href":"https:\/\/crajubaremacao.com.br\/index.php?rest_route=\/wp\/v2\/posts"}],"about":[{"href":"https:\/\/crajubaremacao.com.br\/index.php?rest_route=\/wp\/v2\/types\/post"}],"author":[{"embeddable":true,"href":"https:\/\/crajubaremacao.com.br\/index.php?rest_route=\/wp\/v2\/users\/265"}],"replies":[{"embeddable":true,"href":"https:\/\/crajubaremacao.com.br\/index.php?rest_route=%2Fwp%2Fv2%2Fcomments&post=68975"}],"version-history":[{"count":0,"href":"https:\/\/crajubaremacao.com.br\/index.php?rest_route=\/wp\/v2\/posts\/68975\/revisions"}],"wp:featuredmedia":[{"embeddable":true,"href":"https:\/\/crajubaremacao.com.br\/index.php?rest_route=\/wp\/v2\/media\/68976"}],"wp:attachment":[{"href":"https:\/\/crajubaremacao.com.br\/index.php?rest_route=%2Fwp%2Fv2%2Fmedia&parent=68975"}],"wp:term":[{"taxonomy":"category","embeddable":true,"href":"https:\/\/crajubaremacao.com.br\/index.php?rest_route=%2Fwp%2Fv2%2Fcategories&post=68975"},{"taxonomy":"post_tag","embeddable":true,"href":"https:\/\/crajubaremacao.com.br\/index.php?rest_route=%2Fwp%2Fv2%2Ftags&post=68975"}],"curies":[{"name":"wp","href":"https:\/\/api.w.org\/{rel}","templated":true}]}}