{"id":68982,"date":"2026-05-01T06:01:03","date_gmt":"2026-05-01T09:01:03","guid":{"rendered":"https:\/\/crajubaremacao.com.br\/?p=68982"},"modified":"2026-05-01T06:01:03","modified_gmt":"2026-05-01T09:01:03","slug":"malaria-pode-ter-moldado-evolucao-humana-aponta-estudo","status":"publish","type":"post","link":"https:\/\/crajubaremacao.com.br\/?p=68982","title":{"rendered":"Mal\u00e1ria pode ter moldado evolu\u00e7\u00e3o humana, aponta estudo"},"content":{"rendered":"<div><img decoding=\"async\" src=\"https:\/\/s2-g1.glbimg.com\/JG29rH1w7SWfD_oQWxupIbtUmbk=\/i.s3.glbimg.com\/v1\/AUTH_59edd422c0c84a879bd37670ae4f538a\/internal_photos\/bs\/2026\/x\/z\/nOJnzYRpKcdVIM277y2Q\/adobestock-427270709.jpeg\"><br \/>     O papel da mal\u00e1ria na hist\u00f3ria da humanidade<br \/>\nA mal\u00e1ria \u2014 uma doen\u00e7a mortal \u2014 pode ter moldado a evolu\u00e7\u00e3o humana. \u00c9 o que aponta um novo Instituto Max Planck de Geoantropologia.<br \/>\nVamos entender melhor. Por muito tempo, acreditava-se que n\u00f3s, Homo sapiens, tiv\u00e9ssemos evolu\u00eddo a partir de um \u00fanico grupo isolado na \u00c1frica.<br \/>\nMas um n\u00famero cada vez maior de evid\u00eancias mostra que surgimos da mistura de v\u00e1rias popula\u00e7\u00f5es espalhadas pelo continente.<br \/>\nO que n\u00e3o se sabia at\u00e9 agora era o que mantinha esses grupos separados ou por que eles se deslocavam. Achava-se que os primeiros humanos simplesmente seguiam os padr\u00f5es clim\u00e1ticos.<br \/>\nMas acontece que a mal\u00e1ria tamb\u00e9m influenciou onde eles podiam viver \u2014 e onde n\u00e3o podiam.<br \/>\nA mal\u00e1ria \u00e9 frequentemente apontada como a doen\u00e7a mais letal da hist\u00f3ria, j\u00e1 que afeta os seres humanos h\u00e1 dezenas de milhares de anos.<br \/>\nEla tamb\u00e9m provocou desnutri\u00e7\u00e3o e pobreza em diversas comunidades.<br \/>\nE, como mostra este estudo, ela tamb\u00e9m contribuiu para a forma como o Homo sapiens evoluiu como esp\u00e9cie \u2014 refor\u00e7ando que a hist\u00f3ria da mal\u00e1ria est\u00e1 profundamente ligada \u00e0 nossa pr\u00f3pria hist\u00f3ria.<br \/>\nMal\u00e1ria: quando a pol\u00edtica e interesses comerciais falam mais alto que a sa\u00fade na OMS<br \/>\nEstudo aponta composto \u00fanico que trata e pode impedir a transmiss\u00e3o da mal\u00e1ria<br \/>\nMal\u00e1ria: doen\u00e7a que acometeu Sebasti\u00e3o Salgado ainda mata meio milh\u00e3o de pessoas por ano no mundo<br \/>\nMal\u00e1ria pode ter moldado evolu\u00e7\u00e3o humana, aponta estudo<br \/>\nAdobe Stock<\/div>\n","protected":false},"excerpt":{"rendered":"<p>O papel da mal\u00e1ria na hist\u00f3ria da humanidade A mal\u00e1ria \u2014 uma doen\u00e7a mortal \u2014 pode ter moldado a evolu\u00e7\u00e3o humana. \u00c9 o que aponta um novo Instituto Max Planck de Geoantropologia. Vamos entender melhor. Por muito tempo, acreditava-se que n\u00f3s, Homo sapiens, tiv\u00e9ssemos evolu\u00eddo a partir de um \u00fanico grupo isolado na \u00c1frica. Mas [&hellip;]<\/p>\n","protected":false},"author":261,"featured_media":68983,"comment_status":"closed","ping_status":"closed","sticky":false,"template":"","format":"standard","meta":{"_themeisle_gutenberg_block_has_review":false,"_jetpack_memberships_contains_paid_content":false,"footnotes":""},"categories":[10],"tags":[156],"class_list":{"0":"post-68982","1":"post","2":"type-post","3":"status-publish","4":"format-standard","5":"has-post-thumbnail","7":"category-saude","8":"tag-saude"},"jetpack_featured_media_url":"https:\/\/crajubaremacao.com.br\/wp-content\/uploads\/2026\/05\/adobestock-427270709-scaled.jpeg","jetpack_sharing_enabled":true,"_links":{"self":[{"href":"https:\/\/crajubaremacao.com.br\/index.php?rest_route=\/wp\/v2\/posts\/68982","targetHints":{"allow":["GET"]}}],"collection":[{"href":"https:\/\/crajubaremacao.com.br\/index.php?rest_route=\/wp\/v2\/posts"}],"about":[{"href":"https:\/\/crajubaremacao.com.br\/index.php?rest_route=\/wp\/v2\/types\/post"}],"author":[{"embeddable":true,"href":"https:\/\/crajubaremacao.com.br\/index.php?rest_route=\/wp\/v2\/users\/261"}],"replies":[{"embeddable":true,"href":"https:\/\/crajubaremacao.com.br\/index.php?rest_route=%2Fwp%2Fv2%2Fcomments&post=68982"}],"version-history":[{"count":0,"href":"https:\/\/crajubaremacao.com.br\/index.php?rest_route=\/wp\/v2\/posts\/68982\/revisions"}],"wp:featuredmedia":[{"embeddable":true,"href":"https:\/\/crajubaremacao.com.br\/index.php?rest_route=\/wp\/v2\/media\/68983"}],"wp:attachment":[{"href":"https:\/\/crajubaremacao.com.br\/index.php?rest_route=%2Fwp%2Fv2%2Fmedia&parent=68982"}],"wp:term":[{"taxonomy":"category","embeddable":true,"href":"https:\/\/crajubaremacao.com.br\/index.php?rest_route=%2Fwp%2Fv2%2Fcategories&post=68982"},{"taxonomy":"post_tag","embeddable":true,"href":"https:\/\/crajubaremacao.com.br\/index.php?rest_route=%2Fwp%2Fv2%2Ftags&post=68982"}],"curies":[{"name":"wp","href":"https:\/\/api.w.org\/{rel}","templated":true}]}}