{"id":68984,"date":"2026-05-01T08:59:15","date_gmt":"2026-05-01T11:59:15","guid":{"rendered":"https:\/\/crajubaremacao.com.br\/?p=68984"},"modified":"2026-05-01T08:59:15","modified_gmt":"2026-05-01T11:59:15","slug":"bolsa-familia-2026-veja-calendario-de-pagamentos-em-maio","status":"publish","type":"post","link":"https:\/\/crajubaremacao.com.br\/?p=68984","title":{"rendered":"Bolsa Fam\u00edlia 2026: veja calend\u00e1rio de pagamentos em maio"},"content":{"rendered":"<div class=\"title\" data-block-type=\"title\" data-block-id=\"0\"><\/div>\n<div class=\"medium-centered subtitle\">\n<h6>Bolsa Fam\u00edlia \u2014 Foto: Luis Lima Jr\/FotoArena\/Estad\u00e3o Conte\u00fado<\/h6>\n<h2 class=\"content-head__subtitle\">Primeiros a receber ser\u00e3o os benefici\u00e1rios com N\u00famero de Identifica\u00e7\u00e3o Social (NIS) com final 1. Pagamento previsto \u00e9 de R$ 600 por fam\u00edlia, com poss\u00edveis adicionais.<\/h2>\n<\/div>\n<p>A\u00a0<a class=\"\" href=\"https:\/\/g1.globo.com\/tudo-sobre\/caixa-economica-federal\/\" data-mrf-link=\"https:\/\/g1.globo.com\/tudo-sobre\/caixa-economica-federal\/\">Caixa Econ\u00f4mica Federal<\/a>\u00a0inicia os pagamentos de maio do\u00a0<a class=\"\" href=\"https:\/\/g1.globo.com\/tudo-sobre\/bolsa-familia\/\" data-mrf-link=\"https:\/\/g1.globo.com\/tudo-sobre\/bolsa-familia\/\">Bolsa Fam\u00edlia<\/a>\u00a0no dia 18. Os primeiros a receber ser\u00e3o os\u00a0<strong>benefici\u00e1rios com N\u00famero de Identifica\u00e7\u00e3o Social (NIS) com final 1.<\/strong><\/p>\n<p>O dinheiro ser\u00e1 disponibilizado\u00a0<strong>nos \u00faltimos 10 dias \u00fateis de cada m\u00eas, de forma escalonada.<\/strong>\u00a0A exce\u00e7\u00e3o \u00e9 o m\u00eas de dezembro, quando os pagamentos s\u00e3o antecipados.<\/p>\n<p><em>Para saber a data correta de recebimento, a fam\u00edlia deve\u00a0<\/em><strong><em>verificar o \u00faltimo d\u00edgito do NIS<\/em><\/strong><em>, impresso no cart\u00e3o do programa. Assim, \u00e9 poss\u00edvel consultar o dia correspondente no calend\u00e1rio oficial de pagamentos.<\/em><\/p>\n<div id=\"chunk-86gt1\">\n<div class=\"mc-column content-text active-extra-styles \" data-block-type=\"unstyled\" data-block-weight=\"10\" data-block-id=\"8\">\n<p class=\" content-text__container \" data-track-category=\"Link no Texto\" data-track-links=\"\" data-mrf-recirculation=\"Mat\u00e9ria - Links no Texto\"><strong>Confira o calend\u00e1rio do Bolsa Fam\u00edlia para maio de 2026:<\/strong><\/p>\n<\/div>\n<\/div>\n<div id=\"chunk-8l6dq\">\n<div class=\"mc-column content-text active-extra-styles\" data-block-type=\"raw\" data-block-weight=\"80\" data-block-id=\"9\">\n<p class=\"content-text__container\" data-mrf-recirculation=\"Mat\u00e9ria - Links no Texto\">\n<ul class=\"content-unordered-list\" data-mrf-recirculation=\"Mat\u00e9ria - Leia Tamb\u00e9m (Lista)\">\n<li>Final do NIS:\u00a0<strong>1<\/strong>\u00a0&#8211; pagamento em\u00a0<strong>18\/5<\/strong><\/li>\n<li>Final do NIS:\u00a0<strong>2<\/strong>\u00a0&#8211; pagamento em\u00a0<strong>19\/5<\/strong><\/li>\n<li>Final do NIS:\u00a0<strong>3<\/strong>\u00a0&#8211; pagamento em\u00a0<strong>20\/5<\/strong><\/li>\n<li>Final do NIS:\u00a0<strong>4<\/strong>\u00a0&#8211; pagamento em\u00a0<strong>21\/5<\/strong><\/li>\n<li>Final do NIS:\u00a0<strong>5<\/strong>\u00a0&#8211; pagamento em\u00a0<strong>22\/5<\/strong><\/li>\n<li>Final do NIS:\u00a0<strong>6<\/strong>\u00a0&#8211; pagamento em\u00a0<strong>25\/5<\/strong><\/li>\n<li>Final do NIS:\u00a0<strong>7<\/strong>\u00a0&#8211; pagamento em\u00a0<strong>26\/5<\/strong><\/li>\n<li>Final do NIS:\u00a0<strong>8<\/strong>\u00a0&#8211; pagamento em\u00a0<strong>27\/5<\/strong><\/li>\n<li>Final do NIS:\u00a0<strong>9<\/strong>\u00a0&#8211; pagamento em\u00a0<strong>28\/5<\/strong><\/li>\n<li>Final do NIS:\u00a0<strong>0<\/strong>\u00a0&#8211; pagamento em\u00a0<strong>29\/5<\/strong><\/li>\n<\/ul>\n<p>&nbsp;<\/p>\n<\/div>\n<\/div>\n<div id=\"chunk-7shv7\">\n<div class=\"mc-column content-text active-extra-styles \" data-block-type=\"unstyled\" data-block-weight=\"9\" data-block-id=\"10\">\n<p class=\" content-text__container \" data-track-category=\"Link no Texto\" data-track-links=\"\" data-mrf-recirculation=\"Mat\u00e9ria - Links no Texto\"><strong>Ao longo do ano, a previs\u00e3o de pagamentos \u00e9:<\/strong><\/p>\n<\/div>\n<\/div>\n<div id=\"chunk-lqb9\">\n<div class=\"mc-column content-text active-extra-styles\" data-block-type=\"raw\" data-block-weight=\"35\" data-block-id=\"11\">\n<p class=\"content-text__container\" data-mrf-recirculation=\"Mat\u00e9ria - Links no Texto\">\n<ul class=\"content-unordered-list\" data-mrf-recirculation=\"Mat\u00e9ria - Leia Tamb\u00e9m (Lista)\">\n<li><strong>Junho:\u00a0<\/strong>de 17\/6 a 30\/6;<\/li>\n<li><strong>Julho:\u00a0<\/strong>de 20\/7 a 31\/7;<\/li>\n<li><strong>Agosto:\u00a0<\/strong>de 18\/8 a 31\/8;<\/li>\n<li><strong>Setembro:\u00a0<\/strong>de 17\/9 a 30\/9;<\/li>\n<li><strong>Outubro:\u00a0<\/strong>de 19\/10 a 30\/10;<\/li>\n<li><strong>Novembro:\u00a0<\/strong>de 16\/11 a 30\/11;<\/li>\n<li><strong>Dezembro:\u00a0<\/strong>de 10\/12 a 23\/12.<\/li>\n<\/ul>\n<p>&nbsp;<\/p>\n<\/div>\n<\/div>\n<div id=\"chunk-bhob\">\n<div class=\"row medium-uncollapsed content-media content-photo\" data-block-type=\"backstage-photo\" data-block-id=\"12\">\n<div class=\" mc-column  content-media__container\">\n<div class=\"content-media-container glb-skeleton-box\">\n<div id=\"chunk-2bnbp\">\n<div class=\"mc-column content-text active-extra-styles \" data-block-type=\"unstyled\" data-block-weight=\"10\" data-block-id=\"14\">\n<p class=\" content-text__container \" data-track-category=\"Link no Texto\" data-track-links=\"\" data-mrf-recirculation=\"Mat\u00e9ria - Links no Texto\"><strong><em>Veja abaixo perguntas e respostas sobre o Bolsa Fam\u00edlia.<\/em><\/strong><\/p>\n<\/div>\n<\/div>\n<div id=\"chunk-5dbgn\">\n<div class=\"mc-column content-text active-extra-styles\" data-block-type=\"raw\" data-block-weight=\"6\" data-block-id=\"15\">\n<p class=\"content-text__container\" data-mrf-recirculation=\"Mat\u00e9ria - Links no Texto\">\n<div class=\"content-intertitle\">\n<h2><strong>Quem pode receber o Bolsa Fam\u00edlia?<\/strong><\/h2>\n<\/div>\n<p>&nbsp;<\/p>\n<\/div>\n<\/div>\n<div id=\"chunk-39ite\">\n<div class=\"mc-column content-text active-extra-styles \" data-block-type=\"unstyled\" data-block-weight=\"19\" data-block-id=\"16\">\n<p class=\" content-text__container \" data-track-category=\"Link no Texto\" data-track-links=\"\" data-mrf-recirculation=\"Mat\u00e9ria - Links no Texto\">A principal regra para receber o benef\u00edcio \u00e9 ter renda mensal familiar de at\u00e9\u00a0<strong>R$ 218 por pessoa.<\/strong><\/p>\n<\/div>\n<\/div>\n<div id=\"chunk-crq5m\">\n<div class=\"mc-column content-text active-extra-styles \" data-block-type=\"unstyled\" data-block-weight=\"32\" data-block-id=\"17\">\n<p class=\" content-text__container \" data-track-category=\"Link no Texto\" data-track-links=\"\" data-mrf-recirculation=\"Mat\u00e9ria - Links no Texto\">Para se enquadrar do programa, \u00e9 preciso somar a renda total e dividir pelo n\u00famero de pessoas.\u00a0<span class=\"highlight highlighted\">Caso o valor fique abaixo dos\u00a0<\/span><strong><span class=\"highlight highlighted\">R$ 218<\/span><\/strong><span class=\"highlight highlighted\">, a fam\u00edlia est\u00e1 eleg\u00edvel ao Bolsa Fam\u00edlia.<\/span><\/p>\n<\/div>\n<\/div>\n<div id=\"chunk-bdved\">\n<div class=\"mc-column content-text active-extra-styles \" data-block-type=\"unstyled\" data-block-weight=\"8\" data-block-id=\"18\">\n<p class=\" content-text__container \" data-track-category=\"Link no Texto\" data-track-links=\"\" data-mrf-recirculation=\"Mat\u00e9ria - Links no Texto\">Os benefici\u00e1rios tamb\u00e9m precisam arcar com contrapartidas, como:<\/p>\n<\/div>\n<\/div>\n<div id=\"chunk-677ab\">\n<div class=\"mc-column content-text active-extra-styles\" data-block-type=\"raw\" data-block-weight=\"20\" data-block-id=\"19\">\n<p class=\"content-text__container\" data-mrf-recirculation=\"Mat\u00e9ria - Links no Texto\">\n<ul class=\"content-unordered-list\" data-mrf-recirculation=\"Mat\u00e9ria - Leia Tamb\u00e9m (Lista)\">\n<li>manter crian\u00e7as e adolescentes na escola;<\/li>\n<li>fazer o acompanhamento pr\u00e9-natal (no caso de gestantes);<\/li>\n<li>manter as carteiras de vacina\u00e7\u00e3o atualizadas.<\/li>\n<\/ul>\n<p>&nbsp;<\/p>\n<\/div>\n<\/div>\n<div id=\"chunk-3r9rt\">\n<div class=\"mc-column content-text active-extra-styles\" data-block-type=\"raw\" data-block-weight=\"6\" data-block-id=\"20\">\n<p class=\"content-text__container\" data-mrf-recirculation=\"Mat\u00e9ria - Links no Texto\">\n<div class=\"content-intertitle\">\n<h2>Quais s\u00e3o os valores do benef\u00edcio?<\/h2>\n<\/div>\n<p>&nbsp;<\/p>\n<\/div>\n<\/div>\n<div id=\"chunk-clak5\">\n<div class=\"mc-column content-text active-extra-styles \" data-block-type=\"unstyled\" data-block-weight=\"18\" data-block-id=\"21\">\n<p class=\" content-text__container \" data-track-category=\"Link no Texto\" data-track-links=\"\" data-mrf-recirculation=\"Mat\u00e9ria - Links no Texto\">O Bolsa Fam\u00edlia prev\u00ea o pagamento de, no m\u00ednimo,\u00a0<strong>R$ 600\u00a0<\/strong>por fam\u00edlia. H\u00e1 tamb\u00e9m os adicionais de:<\/p>\n<\/div>\n<\/div>\n<div id=\"chunk-6tafu\">\n<div class=\"mc-column content-text active-extra-styles\" data-block-type=\"raw\" data-block-weight=\"29\" data-block-id=\"22\">\n<p class=\"content-text__container\" data-mrf-recirculation=\"Mat\u00e9ria - Links no Texto\">\n<ul class=\"content-unordered-list\" data-mrf-recirculation=\"Mat\u00e9ria - Leia Tamb\u00e9m (Lista)\">\n<li><strong>R$ 150\u00a0<\/strong>por crian\u00e7a de at\u00e9 6 anos;<\/li>\n<li><strong>R$ 50\u00a0<\/strong>por gestantes e crian\u00e7as e adolescentes de 7 a 17 anos;<\/li>\n<li><strong>R$ 50\u00a0<\/strong>por beb\u00ea de at\u00e9 seis meses.<\/li>\n<\/ul>\n<p>&nbsp;<\/p>\n<\/div>\n<\/div>\n<div id=\"chunk-7i0ap\">\n<div class=\"mc-column content-text active-extra-styles\" data-block-type=\"raw\" data-block-weight=\"3\" data-block-id=\"23\">\n<p class=\"content-text__container\" data-mrf-recirculation=\"Mat\u00e9ria - Links no Texto\">\n<div class=\"content-intertitle\">\n<h2><strong>Onde se cadastrar?<\/strong><\/h2>\n<\/div>\n<p>&nbsp;<\/p>\n<\/div>\n<\/div>\n<div id=\"chunk-eosg4\">\n<div class=\"mc-column content-text active-extra-styles \" data-block-type=\"unstyled\" data-block-weight=\"33\" data-block-id=\"24\">\n<p class=\" content-text__container \" data-track-category=\"Link no Texto\" data-track-links=\"\" data-mrf-recirculation=\"Mat\u00e9ria - Links no Texto\">Os benefici\u00e1rios precisam se inscrever no Cadastro \u00danico (Cad\u00danico) \u2014 principal instrumento do governo federal para a inclus\u00e3o de fam\u00edlias de baixa renda em programas sociais \u2014 e aguardar uma an\u00e1lise de enquadramento.<\/p>\n<\/div>\n<\/div>\n<div id=\"chunk-3041r\">\n<div class=\"mc-column content-text active-extra-styles \" data-block-type=\"unstyled\" data-block-weight=\"34\" data-block-id=\"25\">\n<p class=\" content-text__container \" data-track-category=\"Link no Texto\" data-track-links=\"\" data-mrf-recirculation=\"Mat\u00e9ria - Links no Texto\">Estar no Cadastro \u00danico\u00a0<strong><span class=\"highlight highlighted\">n\u00e3o significa<\/span><\/strong>\u00a0a entrada autom\u00e1tica nos programas sociais do governo, uma vez que cada um deles tem regras espec\u00edficas. Mas o cadastro \u00e9\u00a0<strong><span class=\"highlight highlighted\">pr\u00e9-requisito<\/span><\/strong>\u00a0para que a inscri\u00e7\u00e3o seja avaliada.<\/p>\n<\/div>\n<\/div>\n<div id=\"chunk-46jsn\">\n<div class=\"content-ads content-ads--reveal\" data-block-type=\"ads\" data-block-id=\"26\">\n<div id=\"banner_materia__44fc1fb8-8fcc-42c5-bdeb-422f2c9d9981\" class=\"tag-manager-publicidade-container tag-manager-publicidade-banner_materia__44fc1fb8-8fcc-42c5-bdeb-422f2c9d9981 tag-manager-publicidade-container--carregado tag-manager-publicidade-container--visivel\" data-google-query-id=\"CP-ol4qEmJQDFa8IHgAdAZsEmQ\">\n<div id=\"chunk-3pttd\">\n<div class=\"mc-column content-text active-extra-styles\" data-block-type=\"raw\" data-block-weight=\"9\" data-block-id=\"27\">\n<ul class=\"content-unordered-list\" data-mrf-recirculation=\"Mat\u00e9ria - Leia Tamb\u00e9m (Lista)\">\n<li><a class=\"\" href=\"https:\/\/g1.globo.com\/economia\/noticia\/2022\/04\/05\/como-se-inscrever-no-cadastro-unico.ghtml\" data-mrf-link=\"https:\/\/g1.globo.com\/economia\/noticia\/2022\/04\/05\/como-se-inscrever-no-cadastro-unico.ghtml\"><strong>VEJA COMO FAZER O CADASTRO \u00daNICO DO GOVERNO FEDERAL<\/strong><\/a><\/li>\n<\/ul>\n<p>&nbsp;<\/p>\n<\/div>\n<\/div>\n<div id=\"chunk-bf1m7\">\n<div class=\"mc-column content-text active-extra-styles\" data-block-type=\"raw\" data-block-weight=\"5\" data-block-id=\"28\">\n<p class=\"content-text__container\" data-mrf-recirculation=\"Mat\u00e9ria - Links no Texto\">\n<div class=\"content-intertitle\">\n<h2>Como sacar o Bolsa Fam\u00edlia?<\/h2>\n<\/div>\n<p>&nbsp;<\/p>\n<\/div>\n<\/div>\n<div id=\"chunk-8maog\">\n<div class=\"mc-column content-text active-extra-styles \" data-block-type=\"unstyled\" data-block-weight=\"41\" data-block-id=\"29\">\n<p class=\" content-text__container \" data-track-category=\"Link no Texto\" data-track-links=\"\" data-mrf-recirculation=\"Mat\u00e9ria - Links no Texto\">Os benefici\u00e1rios recebem e podem movimentar os valores pelo aplicativo\u00a0<a class=\"\" href=\"https:\/\/www.caixa.gov.br\/caixatem\/Paginas\/default.aspx\" target=\"_blank\" rel=\"noopener\" data-mrf-link=\"https:\/\/www.caixa.gov.br\/caixatem\/Paginas\/default.aspx\">Caixa TEM<\/a>\u00a0e\u00a0<a class=\"\" href=\"https:\/\/internetbanking.caixa.gov.br\/sinbc\/#!nb\/login\" target=\"_blank\" rel=\"noopener\" data-mrf-link=\"https:\/\/internetbanking.caixa.gov.br\/sinbc\/#!nb\/login\">internet banking<\/a>. Assim, n\u00e3o \u00e9 necess\u00e1rio ir at\u00e9 uma ag\u00eancia da Caixa Econ\u00f4mica Federal \u2014 que \u00e9 respons\u00e1vel pelo pagamento do Bolsa Fam\u00edlia \u2014 para realizar o saque.<\/p>\n<\/div>\n<\/div>\n<div id=\"chunk-28kcu\">\n<div class=\"mc-column content-text active-extra-styles \" data-block-type=\"unstyled\" data-block-weight=\"24\" data-block-id=\"30\">\n<p class=\" content-text__container \" data-track-category=\"Link no Texto\" data-track-links=\"\" data-mrf-recirculation=\"Mat\u00e9ria - Links no Texto\">Segundo a Caixa, os benefici\u00e1rios tamb\u00e9m podem utilizar o cart\u00e3o do programa para realizar compras nos estabelecimentos comerciais, por meio da fun\u00e7\u00e3o de d\u00e9bito.<\/p>\n<\/div>\n<\/div>\n<div id=\"chunk-b7hk4\">\n<div class=\"mc-column content-text active-extra-styles \" data-block-type=\"unstyled\" data-block-weight=\"23\" data-block-id=\"31\">\n<p class=\" content-text__container \" data-track-category=\"Link no Texto\" data-track-links=\"\" data-mrf-recirculation=\"Mat\u00e9ria - Links no Texto\">Al\u00e9m disso, h\u00e1 a op\u00e7\u00e3o de realizar saques nos terminais de autoatendimento, casas lot\u00e9ricas e correspondentes Caixa Aqui, al\u00e9m das ag\u00eancias da Caixa.<\/p>\n<\/div>\n<\/div>\n<div id=\"chunk-8jm39\">\n<div class=\"block-podcast\"><\/div>\n<\/div>\n<\/div>\n<\/div>\n<\/div>\n<\/div>\n<\/div>\n<\/div>\n<\/div>\n","protected":false},"excerpt":{"rendered":"<p>Bolsa Fam\u00edlia \u2014 Foto: Luis Lima Jr\/FotoArena\/Estad\u00e3o Conte\u00fado Primeiros a receber ser\u00e3o os benefici\u00e1rios com N\u00famero de Identifica\u00e7\u00e3o Social (NIS) com final 1. Pagamento previsto \u00e9 de R$ 600 por fam\u00edlia, com poss\u00edveis adicionais. A\u00a0Caixa Econ\u00f4mica Federal\u00a0inicia os pagamentos de maio do\u00a0Bolsa Fam\u00edlia\u00a0no dia 18. Os primeiros a receber ser\u00e3o os\u00a0benefici\u00e1rios com N\u00famero de Identifica\u00e7\u00e3o [&hellip;]<\/p>\n","protected":false},"author":130,"featured_media":68985,"comment_status":"open","ping_status":"open","sticky":false,"template":"","format":"standard","meta":{"_themeisle_gutenberg_block_has_review":false,"_jetpack_memberships_contains_paid_content":false,"footnotes":""},"categories":[2,4,13,1],"tags":[],"class_list":{"0":"post-68984","1":"post","2":"type-post","3":"status-publish","4":"format-standard","5":"has-post-thumbnail","7":"category-brasil","8":"category-regiao","9":"category-economia","10":"category-todas-noticias"},"jetpack_featured_media_url":"https:\/\/crajubaremacao.com.br\/wp-content\/uploads\/2026\/05\/fta20240801129.avif","jetpack_sharing_enabled":true,"_links":{"self":[{"href":"https:\/\/crajubaremacao.com.br\/index.php?rest_route=\/wp\/v2\/posts\/68984","targetHints":{"allow":["GET"]}}],"collection":[{"href":"https:\/\/crajubaremacao.com.br\/index.php?rest_route=\/wp\/v2\/posts"}],"about":[{"href":"https:\/\/crajubaremacao.com.br\/index.php?rest_route=\/wp\/v2\/types\/post"}],"author":[{"embeddable":true,"href":"https:\/\/crajubaremacao.com.br\/index.php?rest_route=\/wp\/v2\/users\/130"}],"replies":[{"embeddable":true,"href":"https:\/\/crajubaremacao.com.br\/index.php?rest_route=%2Fwp%2Fv2%2Fcomments&post=68984"}],"version-history":[{"count":1,"href":"https:\/\/crajubaremacao.com.br\/index.php?rest_route=\/wp\/v2\/posts\/68984\/revisions"}],"predecessor-version":[{"id":68986,"href":"https:\/\/crajubaremacao.com.br\/index.php?rest_route=\/wp\/v2\/posts\/68984\/revisions\/68986"}],"wp:featuredmedia":[{"embeddable":true,"href":"https:\/\/crajubaremacao.com.br\/index.php?rest_route=\/wp\/v2\/media\/68985"}],"wp:attachment":[{"href":"https:\/\/crajubaremacao.com.br\/index.php?rest_route=%2Fwp%2Fv2%2Fmedia&parent=68984"}],"wp:term":[{"taxonomy":"category","embeddable":true,"href":"https:\/\/crajubaremacao.com.br\/index.php?rest_route=%2Fwp%2Fv2%2Fcategories&post=68984"},{"taxonomy":"post_tag","embeddable":true,"href":"https:\/\/crajubaremacao.com.br\/index.php?rest_route=%2Fwp%2Fv2%2Ftags&post=68984"}],"curies":[{"name":"wp","href":"https:\/\/api.w.org\/{rel}","templated":true}]}}