{"id":68987,"date":"2026-05-01T09:17:23","date_gmt":"2026-05-01T12:17:23","guid":{"rendered":"https:\/\/crajubaremacao.com.br\/?p=68987"},"modified":"2026-05-01T09:17:23","modified_gmt":"2026-05-01T12:17:23","slug":"a-camara-municipal-aprovou-projeto-que-concede-o-diploma-do-merito-da-medicina-amelia-benevien-perouse-ao-medico-empresario-e-ex-prefeito-jose-aldegundes-muniz-gomes-de-mattos-o-do","status":"publish","type":"post","link":"https:\/\/crajubaremacao.com.br\/?p=68987","title":{"rendered":"A C\u00e2mara Municipal aprovou Projeto que concede o Diploma do M\u00e9rito da Medicina \u201cAm\u00e9lia Benevien Perouse\u201d ao m\u00e9dico, empres\u00e1rio e ex-prefeito Jos\u00e9 Aldegundes Muniz Gomes de Mattos, o doutor Z\u00e9 Adega."},"content":{"rendered":"<p>A C\u00e2mara Municipal aprovou, na ultima quarta-feira (29), o Projeto de Decreto Legislativo n\u00ba 053\/2026, que concede o Diploma do M\u00e9rito da Medicina \u201cAm\u00e9lia Benevien Perouse\u201d ao m\u00e9dico, empres\u00e1rio e ex-prefeito Jos\u00e9 Aldegundes Muniz Gomes de Mattos, o doutor Z\u00e9 Adega.<\/p>\n<p>A proposta, apresentada pelo vereador Luiz Carlos Saraiva, reconhece os relevantes servi\u00e7os prestados pelo profissional, especialmente na \u00e1rea da sa\u00fade, com destaque para o acompanhamento de doen\u00e7as complexas e resultados positivos em diversos casos cl\u00ednicos na regi\u00e3o.<\/p>\n<p>Durante a justificativa, o parlamentar ressaltou epis\u00f3dios que evidenciam a atua\u00e7\u00e3o do m\u00e9dico, como a recupera\u00e7\u00e3o de pacientes em estado grave e o tratamento eficaz de enfermidades como a leishmaniose. Ele tamb\u00e9m destacou a experi\u00eancia e a dedica\u00e7\u00e3o de Z\u00e9 Adega ao longo de sua trajet\u00f3ria.<\/p>\n<p>Outro ponto mencionado foi a liga\u00e7\u00e3o familiar do homenageado com Am\u00e9lia Benevien Perouse, que d\u00e1 nome ao diploma. Segundo o vereador, a informa\u00e7\u00e3o s\u00f3 foi descoberta ap\u00f3s a apresenta\u00e7\u00e3o da proposta, refor\u00e7ando ainda mais o simbolismo da homenagem.<\/p>\n<p>Ao tomar conhecimento da aprova\u00e7\u00e3o, doutor Z\u00e9 Adega agradeceu ao vereador Luiz Carlos Saraiva pela iniciativa e destacou a import\u00e2ncia do reconhecimento. Ele afirmou que a homenagem representa n\u00e3o apenas uma conquista pessoal, mas tamb\u00e9m um incentivo \u00e0 continuidade do trabalho em prol da sa\u00fade da popula\u00e7\u00e3o. O m\u00e9dico tamb\u00e9m fez um agradecimento especial ao vereador Luiz Carlos e a todos os vereadores que comp\u00f5em o Legislativo cratense pelo reconhecimento.<\/p>\n<p>&nbsp;<\/p>\n<p>blog_amauryalencar<\/p>\n","protected":false},"excerpt":{"rendered":"<p>A C\u00e2mara Municipal aprovou, na ultima quarta-feira (29), o Projeto de Decreto Legislativo n\u00ba 053\/2026, que concede o Diploma do M\u00e9rito da Medicina \u201cAm\u00e9lia Benevien Perouse\u201d ao m\u00e9dico, empres\u00e1rio e ex-prefeito Jos\u00e9 Aldegundes Muniz Gomes de Mattos, o doutor Z\u00e9 Adega. A proposta, apresentada pelo vereador Luiz Carlos Saraiva, reconhece os relevantes servi\u00e7os prestados pelo [&hellip;]<\/p>\n","protected":false},"author":130,"featured_media":68988,"comment_status":"open","ping_status":"open","sticky":false,"template":"","format":"standard","meta":{"_themeisle_gutenberg_block_has_review":false,"_jetpack_memberships_contains_paid_content":false,"footnotes":""},"categories":[2,4,9,10,1],"tags":[],"class_list":{"0":"post-68987","1":"post","2":"type-post","3":"status-publish","4":"format-standard","5":"has-post-thumbnail","7":"category-brasil","8":"category-regiao","9":"category-politica","10":"category-saude","11":"category-todas-noticias"},"jetpack_featured_media_url":"https:\/\/crajubaremacao.com.br\/wp-content\/uploads\/2026\/05\/dp.jpg","jetpack_sharing_enabled":true,"_links":{"self":[{"href":"https:\/\/crajubaremacao.com.br\/index.php?rest_route=\/wp\/v2\/posts\/68987","targetHints":{"allow":["GET"]}}],"collection":[{"href":"https:\/\/crajubaremacao.com.br\/index.php?rest_route=\/wp\/v2\/posts"}],"about":[{"href":"https:\/\/crajubaremacao.com.br\/index.php?rest_route=\/wp\/v2\/types\/post"}],"author":[{"embeddable":true,"href":"https:\/\/crajubaremacao.com.br\/index.php?rest_route=\/wp\/v2\/users\/130"}],"replies":[{"embeddable":true,"href":"https:\/\/crajubaremacao.com.br\/index.php?rest_route=%2Fwp%2Fv2%2Fcomments&post=68987"}],"version-history":[{"count":1,"href":"https:\/\/crajubaremacao.com.br\/index.php?rest_route=\/wp\/v2\/posts\/68987\/revisions"}],"predecessor-version":[{"id":68989,"href":"https:\/\/crajubaremacao.com.br\/index.php?rest_route=\/wp\/v2\/posts\/68987\/revisions\/68989"}],"wp:featuredmedia":[{"embeddable":true,"href":"https:\/\/crajubaremacao.com.br\/index.php?rest_route=\/wp\/v2\/media\/68988"}],"wp:attachment":[{"href":"https:\/\/crajubaremacao.com.br\/index.php?rest_route=%2Fwp%2Fv2%2Fmedia&parent=68987"}],"wp:term":[{"taxonomy":"category","embeddable":true,"href":"https:\/\/crajubaremacao.com.br\/index.php?rest_route=%2Fwp%2Fv2%2Fcategories&post=68987"},{"taxonomy":"post_tag","embeddable":true,"href":"https:\/\/crajubaremacao.com.br\/index.php?rest_route=%2Fwp%2Fv2%2Ftags&post=68987"}],"curies":[{"name":"wp","href":"https:\/\/api.w.org\/{rel}","templated":true}]}}