{"id":69003,"date":"2026-05-01T18:00:27","date_gmt":"2026-05-01T21:00:27","guid":{"rendered":"https:\/\/crajubaremacao.com.br\/?p=69003"},"modified":"2026-05-01T18:00:27","modified_gmt":"2026-05-01T21:00:27","slug":"tres-adolescentes-sao-apreendidos-por-estupro-de-2-criancas-em-sao-paulo","status":"publish","type":"post","link":"https:\/\/crajubaremacao.com.br\/?p=69003","title":{"rendered":"Tr\u00eas adolescentes s\u00e3o apreendidos por estupro de 2 crian\u00e7as em S\u00e3o Paulo"},"content":{"rendered":"<div>\n<div style=\"margin-bottom: 15px;\"><img decoding=\"async\" class=\"type:primaryImage\" src=\"https:\/\/crajubaremacao.com.br\/wp-content\/uploads\/2026\/05\/imagem-jvp-2026-02-12t101850260-750x450-1.png\"><\/div>\n<p>\n<?xml encoding=\"UTF-8\"><strong>A Pol\u00edcia Civil de S\u00e3o Paulo apreendeu nesta quinta-feira, 30,<\/strong> <strong>tr\u00eas adolescentes por estupro coletivo de vulner\u00e1veis<\/strong> ap\u00f3s den\u00fancias sobre v\u00eddeos que mostram o abuso sexual de duas crian\u00e7as, uma de 7 e outra de 10 anos.<\/p>\n<p><strong>As autoridades ainda buscam por um adulto, que est\u00e1 foragido na Bahia, e um quarto adolescent<\/strong>e, ambos envolvidos no ato. O Tribunal de Justi\u00e7a paulista ainda n\u00e3o autorizou o mandado de pris\u00e3o no outro Estado solicitado pelo delegado respons\u00e1vel pelo caso. Procurada, a corte disse apenas que n\u00e3o comenta decis\u00f5es judiciais.<\/p>\n<p>O caso ocorreu em 21 de abril na comunidade de Uni\u00e3o de Vila Nova, <strong>bairro na Subprefeitura de S\u00e3o Miguel Paulista, na zona leste da capital.<\/strong><\/p>\n<p>\u201cA fam\u00edlia, por receio, n\u00e3o teve coragem de denunciar. O conselho tutelar e a pol\u00edcia s\u00f3 tomaram conhecimento em 24 de abril\u201d, afirma o subprefeito Divaldo Rosa, em v\u00eddeo publicado nas redes sociais. Ele s\u00f3 se pronunciou sobre o caso nesta quinta, 30.<\/p>\n<p><strong>Os agressores gravaram o estupro de vulner\u00e1veis e compartilharam as imagens em uma rede social.<\/strong><\/p>\n<p><strong>Ao Estad\u00e3o, o prefeito Ricardo Nunes (MDB) definiu o caso como \u201cterr\u00edvel\u201d.<\/strong> \u201cAs crian\u00e7as foram acolhidas pelos equipamentos da Prefeitura. Uma est\u00e1 com a m\u00e3e em uma Vila Reencontro. A outra est\u00e1 com os dois irm\u00e3os no Servi\u00e7o Institucional para Crian\u00e7a e Adolescente, porque o Conselho Tutelar verificou que n\u00e3o havia condi\u00e7\u00f5es de continuarem com a m\u00e3e, que \u00e9 dependente qu\u00edmica, onde viviam.\u201d<\/p>\n<p><strong>As v\u00edtimas est\u00e3o sendo acompanhadas pelo Conselho Tutelar de S\u00e3o Miguel Paulista,<\/strong> por assistentes sociais e profissionais de sa\u00fade e pelo Projeto Bem-Me-Quer, programa de acolhimento do governo estadual a v\u00edtimas de viol\u00eancia sexual.<\/p>\n<p>\u201cEste caso \u00e9 revoltante, ele choca e ele n\u00e3o pode ser tratado como algo normal. Os abusadores agem na maioria das vezes na sombra do medo, da omiss\u00e3o e da falta de den\u00fancia aos \u00f3rg\u00e3os p\u00fablicos\u201d, afirmou o subprefeito Divaldo Rosa. \u201cSe voc\u00ea souber de algum caso de abuso contra a crian\u00e7a, fa\u00e7a uma den\u00fancia an\u00f4nima pelo disque 100. Voc\u00ea pode estar salvando uma vida. Proteger as crian\u00e7as \u00e9 dever de todos n\u00f3s.\u201d<\/p>\n<p>O Estad\u00e3o n\u00e3o conseguiu contato com a defesa dos adolescentes, nem do foragido. A reportagem procurou o Minist\u00e9rio P\u00fablico e a Defensoria P\u00fablica, mas n\u00e3o teve retorno.<\/p>\n<p><em>*com informa\u00e7\u00f5es do Estad\u00e3o Conte\u00fado<\/em><\/p>\n<\/div>\n","protected":false},"excerpt":{"rendered":"<p>A Pol\u00edcia Civil de S\u00e3o Paulo apreendeu nesta quinta-feira, 30, tr\u00eas adolescentes por estupro coletivo de vulner\u00e1veis ap\u00f3s den\u00fancias sobre v\u00eddeos que mostram o abuso sexual de duas crian\u00e7as, uma de 7 e outra de 10 anos. As autoridades ainda buscam por um adulto, que est\u00e1 foragido na Bahia, e um quarto adolescente, ambos envolvidos [&hellip;]<\/p>\n","protected":false},"author":117,"featured_media":69004,"comment_status":"closed","ping_status":"closed","sticky":false,"template":"","format":"standard","meta":{"_themeisle_gutenberg_block_has_review":false,"_jetpack_memberships_contains_paid_content":false,"footnotes":""},"categories":[2],"tags":[150],"class_list":{"0":"post-69003","1":"post","2":"type-post","3":"status-publish","4":"format-standard","5":"has-post-thumbnail","7":"category-brasil","8":"tag-brasil"},"jetpack_featured_media_url":"https:\/\/crajubaremacao.com.br\/wp-content\/uploads\/2026\/05\/imagem-jvp-2026-02-12t101850260-750x450-1.png","jetpack_sharing_enabled":true,"_links":{"self":[{"href":"https:\/\/crajubaremacao.com.br\/index.php?rest_route=\/wp\/v2\/posts\/69003","targetHints":{"allow":["GET"]}}],"collection":[{"href":"https:\/\/crajubaremacao.com.br\/index.php?rest_route=\/wp\/v2\/posts"}],"about":[{"href":"https:\/\/crajubaremacao.com.br\/index.php?rest_route=\/wp\/v2\/types\/post"}],"author":[{"embeddable":true,"href":"https:\/\/crajubaremacao.com.br\/index.php?rest_route=\/wp\/v2\/users\/117"}],"replies":[{"embeddable":true,"href":"https:\/\/crajubaremacao.com.br\/index.php?rest_route=%2Fwp%2Fv2%2Fcomments&post=69003"}],"version-history":[{"count":0,"href":"https:\/\/crajubaremacao.com.br\/index.php?rest_route=\/wp\/v2\/posts\/69003\/revisions"}],"wp:featuredmedia":[{"embeddable":true,"href":"https:\/\/crajubaremacao.com.br\/index.php?rest_route=\/wp\/v2\/media\/69004"}],"wp:attachment":[{"href":"https:\/\/crajubaremacao.com.br\/index.php?rest_route=%2Fwp%2Fv2%2Fmedia&parent=69003"}],"wp:term":[{"taxonomy":"category","embeddable":true,"href":"https:\/\/crajubaremacao.com.br\/index.php?rest_route=%2Fwp%2Fv2%2Fcategories&post=69003"},{"taxonomy":"post_tag","embeddable":true,"href":"https:\/\/crajubaremacao.com.br\/index.php?rest_route=%2Fwp%2Fv2%2Ftags&post=69003"}],"curies":[{"name":"wp","href":"https:\/\/api.w.org\/{rel}","templated":true}]}}