{"id":69009,"date":"2026-05-01T18:00:48","date_gmt":"2026-05-01T21:00:48","guid":{"rendered":"https:\/\/crajubaremacao.com.br\/?p=69009"},"modified":"2026-05-01T18:00:48","modified_gmt":"2026-05-01T21:00:48","slug":"reino-unido-eleva-nivel-de-ameaca-terrorista-e-diz-que-atentado-e-altamente-provavel","status":"publish","type":"post","link":"https:\/\/crajubaremacao.com.br\/?p=69009","title":{"rendered":"Reino Unido eleva n\u00edvel de amea\u00e7a terrorista e diz que atentado \u00e9 &#8216;altamente prov\u00e1vel&#8217;"},"content":{"rendered":"<div><img decoding=\"async\" src=\"https:\/\/s2-g1.glbimg.com\/30Kn-7gjX9M1x8fzOqZkp8dAQtM=\/i.s3.glbimg.com\/v1\/AUTH_59edd422c0c84a879bd37670ae4f538a\/internal_photos\/bs\/2026\/v\/N\/ABNL68RuyNpvrvqbYT4A\/2026-04-30t175843z-1896558658-rc2tzkavjclb-rtrmadp-3-britain-crime-protest.jpg\"><br \/>     Pol\u00edcia isola \u00e1rea ap\u00f3s ataque a facadas em bairro judaico de Londres<br \/>\nO governo do Reino Unido elevou o n\u00edvel de amea\u00e7a terrorista no pa\u00eds de \u201csubstancial\u201d para \u201cgrave\u201d, segundo comunicado divulgado nesta sexta-feira (1\u00ba). Na pr\u00e1tica, a mudan\u00e7a significa que um atentado passou de \u201cprov\u00e1vel\u201d para \u201caltamente prov\u00e1vel\u201d, de acordo com a classifica\u00e7\u00e3o oficial.<br \/>\n&#x2705; Siga o canal de not\u00edcias internacionais do g1 no WhatsApp<br \/>\nA decis\u00e3o do Centro Conjunto de An\u00e1lise de Terrorismo (JTAC, na sigla em ingl\u00eas) foi tomada dois dias ap\u00f3s um ataque com faca registrado em Londres. As autoridades, no entanto, afirmam que a medida n\u00e3o se deve apenas a esse epis\u00f3dio.<br \/>\nSegundo o comunicado, o pa\u00eds vem enfrentando um aumento gradual de amea\u00e7as terroristas h\u00e1 algum tempo. Esse cen\u00e1rio tem sido impulsionado tanto por grupos de extremistas quanto por a\u00e7\u00f5es individuais.<br \/>\nO governo brit\u00e2nico diz que o cen\u00e1rio atual \u00e9 marcado por casos complexos envolvendo diferentes ideologias. Entre as amea\u00e7as est\u00e3o o planejamento de ataques, tentativas de deslocamento para fins extremistas e processos de radicaliza\u00e7\u00e3o tanto online quanto offline.<br \/>\n&#8220;Embora o terrorismo isl\u00e2mico continue sendo a principal amea\u00e7a ao Reino Unido, o terrorismo de extrema direita tem apresentado uma trajet\u00f3ria ascendente constante&#8221;, diz o comunicado.<br \/>\nAs autoridades tamb\u00e9m alertam para um risco elevado contra pessoas e institui\u00e7\u00f5es judaicas e israelenses, em meio ao contexto do conflito no Oriente M\u00e9dio.<br \/>\nLEIA TAMB\u00c9M<br \/>\nTrump diz n\u00e3o estar satisfeito com acordo de paz proposto pelo Ir\u00e3 para encerrar a guerra<br \/>\nComo decis\u00e3o da Suprema Corte pode reduzir a representa\u00e7\u00e3o de negros e latinos nos EUA<br \/>\nPapa Le\u00e3o XIV nomeia ex-imigrante irregular como bispo nos EUA<br \/>\nAtaque em Londres<br \/>\nUm manifestante segura um cartaz ao lado de policiais durante um protesto organizado pela Campanha Contra o Antissemitismo em frente \u00e0 Downing Street, em Londres, em 30 de abril de 2026<br \/>\nREUTERS\/Jack Taylor<br \/>\nO aumento no n\u00edvel de amea\u00e7a ocorre ap\u00f3s um ataque com faca registrado em Golders Green, no norte de Londres, \u00e1rea com grande popula\u00e7\u00e3o judaica. Um homem foi preso depois que duas pessoas foram esfaqueadas, segundo uma organiza\u00e7\u00e3o de seguran\u00e7a da comunidade judaica.<br \/>\nA organiza\u00e7\u00e3o Shomrim disse que o suspeito foi visto correndo com uma faca e tentando atacar pessoas na rua antes de ser contido por agentes do grupo. A pol\u00edcia chegou em seguida e utilizou uma arma de choque.<br \/>\nO primeiro-ministro do Reino Unido, Keir Starmer, classificou o caso como \u201cprofundamente preocupante\u201d.<br \/>\nNos \u00faltimos meses, autoridades brit\u00e2nicas t\u00eam registrado aumento de incidentes envolvendo a comunidade judaica. No m\u00eas passado, mais de 20 pessoas foram presas em investiga\u00e7\u00f5es relacionadas a ataques contra esses grupos.<br \/>\nTamb\u00e9m em Golders Green, um inc\u00eandio atingiu nesta semana o muro de um memorial e est\u00e1 sob investiga\u00e7\u00e3o.<br \/>\nV\u00cdDEOS: mais assistidos do g1<\/div>\n","protected":false},"excerpt":{"rendered":"<p>Pol\u00edcia isola \u00e1rea ap\u00f3s ataque a facadas em bairro judaico de Londres O governo do Reino Unido elevou o n\u00edvel de amea\u00e7a terrorista no pa\u00eds de \u201csubstancial\u201d para \u201cgrave\u201d, segundo comunicado divulgado nesta sexta-feira (1\u00ba). Na pr\u00e1tica, a mudan\u00e7a significa que um atentado passou de \u201cprov\u00e1vel\u201d para \u201caltamente prov\u00e1vel\u201d, de acordo com a classifica\u00e7\u00e3o oficial. [&hellip;]<\/p>\n","protected":false},"author":261,"featured_media":69010,"comment_status":"closed","ping_status":"closed","sticky":false,"template":"","format":"standard","meta":{"_themeisle_gutenberg_block_has_review":false,"_jetpack_memberships_contains_paid_content":false,"footnotes":""},"categories":[5],"tags":[155],"class_list":{"0":"post-69009","1":"post","2":"type-post","3":"status-publish","4":"format-standard","5":"has-post-thumbnail","7":"category-internacionais","8":"tag-mundo"},"jetpack_featured_media_url":"https:\/\/crajubaremacao.com.br\/wp-content\/uploads\/2026\/05\/2026-04-30t175843z-1896558658-rc2tzkavjclb-rtrmadp-3-britain-crime-protest-scaled.jpg","jetpack_sharing_enabled":true,"_links":{"self":[{"href":"https:\/\/crajubaremacao.com.br\/index.php?rest_route=\/wp\/v2\/posts\/69009","targetHints":{"allow":["GET"]}}],"collection":[{"href":"https:\/\/crajubaremacao.com.br\/index.php?rest_route=\/wp\/v2\/posts"}],"about":[{"href":"https:\/\/crajubaremacao.com.br\/index.php?rest_route=\/wp\/v2\/types\/post"}],"author":[{"embeddable":true,"href":"https:\/\/crajubaremacao.com.br\/index.php?rest_route=\/wp\/v2\/users\/261"}],"replies":[{"embeddable":true,"href":"https:\/\/crajubaremacao.com.br\/index.php?rest_route=%2Fwp%2Fv2%2Fcomments&post=69009"}],"version-history":[{"count":0,"href":"https:\/\/crajubaremacao.com.br\/index.php?rest_route=\/wp\/v2\/posts\/69009\/revisions"}],"wp:featuredmedia":[{"embeddable":true,"href":"https:\/\/crajubaremacao.com.br\/index.php?rest_route=\/wp\/v2\/media\/69010"}],"wp:attachment":[{"href":"https:\/\/crajubaremacao.com.br\/index.php?rest_route=%2Fwp%2Fv2%2Fmedia&parent=69009"}],"wp:term":[{"taxonomy":"category","embeddable":true,"href":"https:\/\/crajubaremacao.com.br\/index.php?rest_route=%2Fwp%2Fv2%2Fcategories&post=69009"},{"taxonomy":"post_tag","embeddable":true,"href":"https:\/\/crajubaremacao.com.br\/index.php?rest_route=%2Fwp%2Fv2%2Ftags&post=69009"}],"curies":[{"name":"wp","href":"https:\/\/api.w.org\/{rel}","templated":true}]}}