{"id":69011,"date":"2026-05-02T00:00:47","date_gmt":"2026-05-02T03:00:47","guid":{"rendered":"https:\/\/crajubaremacao.com.br\/?p=69011"},"modified":"2026-05-02T00:00:47","modified_gmt":"2026-05-02T03:00:47","slug":"chuvas-fortes-deixam-ao-menos-4-mortos-e-mais-de-1-mil-desalojados-em-pernambuco","status":"publish","type":"post","link":"https:\/\/crajubaremacao.com.br\/?p=69011","title":{"rendered":"Chuvas fortes deixam ao menos 4 mortos e mais de 1 mil desalojados em Pernambuco"},"content":{"rendered":"<div>\n<div style=\"margin-bottom: 15px;\"><img decoding=\"async\" class=\"type:primaryImage\" src=\"https:\/\/crajubaremacao.com.br\/wp-content\/uploads\/2026\/05\/ato20260501135-1-750x500-1.jpg\"><\/div>\n<p><?xml encoding=\"UTF-8\"><\/p>\n<p><strong>As chuvas fortes que atingem Pernambuco desde quinta-feira (30) j\u00e1 deixaram quatro pessoas mortas<\/strong>, informou a Defesa Civil estadual \u00e0 <strong>Jovem Pan<\/strong> nesta sexta-feira (1\u00ba).<\/p>\n<p><strong>O \u00f3rg\u00e3o tamb\u00e9m registra cinco feridos.<\/strong> H\u00e1 um total de 422 pessoas desabrigadas, em abrigos p\u00fablicos, e 1.068 desalojadas, em casa de parentes ou amigos.<\/p>\n<p><strong>Munic\u00edpios mais afetados:<\/strong><\/p>\n<ul>\n<li>\u00a0Goiana:146 pessoas desabrigadas (47 fam\u00edlias) e 994 pessoas desalojadas (371 fam\u00edlias);<\/li>\n<li>Olinda:170 pessoas desabrigadas, 5 pessoas feridas e 2 \u00f3bitos;<\/li>\n<li>Timba\u00faba:34 pessoas desabrigadas (8 fam\u00edlias) e 52 pessoas desalojadas (17 fam\u00edlias);<\/li>\n<li>Igarassu:27 pessoas desabrigadas (9 fam\u00edlias) e 7 fam\u00edlias desalojadas;<\/li>\n<li>Paulista:32 pessoas desabrigadas e 11 pessoas desalojadas;<\/li>\n<li>Camaragibe:4 pessoas desabrigadas (1 fam\u00edlia) e 11 pessoas desalojadas (6 fam\u00edlias);<\/li>\n<li>Limoeiro:9 pessoas desabrigadas (3 fam\u00edlias);<\/li>\n<li>Recife:Registra 2 \u00f3bitos.<\/li>\n<\/ul>\n<p><strong> A lista de abrigos do Recife est\u00e1 dispon\u00edvel no site <a href=\"https:\/\/acaoinverno.recife.pe.gov.br\/\">acaoinverno.recife.pe.gov.br<\/a>.<\/strong> A capital pernambucana entrou em est\u00e1gio de alerta m\u00e1ximo ao 12h, indicando condi\u00e7\u00f5es meteorol\u00f3gicas extremas, com risco m\u00e1ximo \u00e0 popula\u00e7\u00e3o.<\/p>\n<h2>Ajuda federal<\/h2>\n<p><strong>Equipes da Defesa Civil Nacional se deslocaram, nesta sexta-feira (1\u00ba), para<a href=\"https:\/\/jovempan.com.br\/noticias\/brasil\/chuvas-governo-envia-defesa-civil-para-pernambuco-e-paraiba.html\"> apoiar o estado de Pernambuco atingido por fortes chuvas<\/a><\/strong>. A decis\u00e3o foi dada pelo Governo ap\u00f3s contato com as autoridades locais. As equipes atuar\u00e3o em conjunto com as defesas civis, estaduais e municipais. A determina\u00e7\u00e3o foi anunciada mais cedo pelo presidente Luiz In\u00e1cio Lula da Silva.<\/p>\n<p data-yield-master-placement-inserted=\"\">O ministro da Integra\u00e7\u00e3o e do Desenvolvimento Regional, Waldez G\u00f3es, entrou em contato com a governadora de Pernambuco, Raquel Lyra, e com o prefeito do Recife, Vitor Marques, para orientar sobre as provid\u00eancias necess\u00e1rias para o reconhecimento sum\u00e1rio da situa\u00e7\u00e3o de emerg\u00eancia.<\/p>\n<div>\n<div id=\"notsy_container_678040198\" class=\"JVP_VIDEO\" data-notsy-container-index=\"1\" data-notsy-mapped-container=\"1\">\n<div>\n<div id=\"video_80256-container\" class=\"nts-container\" data-mobile=\"0\">\n<div id=\"video_80256-sub-container\" class=\"ym-video--sub-container\">\n<div id=\"video_80256-placeholder\">\n<p><strong>A pasta informou que, al\u00e9m de Pernambuco, o governo vai apoiar a Para\u00edba<\/strong>. O estado tamb\u00e9m tem sofrido com os temporais nas \u00faltimas 24h.<\/p>\n<p><em>*com informa\u00e7\u00f5es da Ag\u00eancia Brasil<\/em><\/p>\n<\/div>\n<\/div>\n<\/div>\n<\/div>\n<\/div>\n<\/div>\n<\/div>\n","protected":false},"excerpt":{"rendered":"<p>As chuvas fortes que atingem Pernambuco desde quinta-feira (30) j\u00e1 deixaram quatro pessoas mortas, informou a Defesa Civil estadual \u00e0 Jovem Pan nesta sexta-feira (1\u00ba). O \u00f3rg\u00e3o tamb\u00e9m registra cinco feridos. H\u00e1 um total de 422 pessoas desabrigadas, em abrigos p\u00fablicos, e 1.068 desalojadas, em casa de parentes ou amigos. Munic\u00edpios mais afetados: \u00a0Goiana:146 pessoas [&hellip;]<\/p>\n","protected":false},"author":117,"featured_media":69012,"comment_status":"closed","ping_status":"closed","sticky":false,"template":"","format":"standard","meta":{"_themeisle_gutenberg_block_has_review":false,"_jetpack_memberships_contains_paid_content":false,"footnotes":""},"categories":[2],"tags":[150],"class_list":{"0":"post-69011","1":"post","2":"type-post","3":"status-publish","4":"format-standard","5":"has-post-thumbnail","7":"category-brasil","8":"tag-brasil"},"jetpack_featured_media_url":"https:\/\/crajubaremacao.com.br\/wp-content\/uploads\/2026\/05\/ato20260501135-1-750x500-1.jpg","jetpack_sharing_enabled":true,"_links":{"self":[{"href":"https:\/\/crajubaremacao.com.br\/index.php?rest_route=\/wp\/v2\/posts\/69011","targetHints":{"allow":["GET"]}}],"collection":[{"href":"https:\/\/crajubaremacao.com.br\/index.php?rest_route=\/wp\/v2\/posts"}],"about":[{"href":"https:\/\/crajubaremacao.com.br\/index.php?rest_route=\/wp\/v2\/types\/post"}],"author":[{"embeddable":true,"href":"https:\/\/crajubaremacao.com.br\/index.php?rest_route=\/wp\/v2\/users\/117"}],"replies":[{"embeddable":true,"href":"https:\/\/crajubaremacao.com.br\/index.php?rest_route=%2Fwp%2Fv2%2Fcomments&post=69011"}],"version-history":[{"count":0,"href":"https:\/\/crajubaremacao.com.br\/index.php?rest_route=\/wp\/v2\/posts\/69011\/revisions"}],"wp:featuredmedia":[{"embeddable":true,"href":"https:\/\/crajubaremacao.com.br\/index.php?rest_route=\/wp\/v2\/media\/69012"}],"wp:attachment":[{"href":"https:\/\/crajubaremacao.com.br\/index.php?rest_route=%2Fwp%2Fv2%2Fmedia&parent=69011"}],"wp:term":[{"taxonomy":"category","embeddable":true,"href":"https:\/\/crajubaremacao.com.br\/index.php?rest_route=%2Fwp%2Fv2%2Fcategories&post=69011"},{"taxonomy":"post_tag","embeddable":true,"href":"https:\/\/crajubaremacao.com.br\/index.php?rest_route=%2Fwp%2Fv2%2Ftags&post=69011"}],"curies":[{"name":"wp","href":"https:\/\/api.w.org\/{rel}","templated":true}]}}