{"id":69013,"date":"2026-05-02T00:00:57","date_gmt":"2026-05-02T03:00:57","guid":{"rendered":"https:\/\/crajubaremacao.com.br\/?p=69013"},"modified":"2026-05-02T00:00:57","modified_gmt":"2026-05-02T03:00:57","slug":"trump-fala-em-assumir-cuba-apos-acao-no-ira-sera-quase-imediatamente","status":"publish","type":"post","link":"https:\/\/crajubaremacao.com.br\/?p=69013","title":{"rendered":"Trump fala em assumir Cuba ap\u00f3s a\u00e7\u00e3o no Ir\u00e3: &#8216;Ser\u00e1 quase imediatamente&#8217;"},"content":{"rendered":"<div><img decoding=\"async\" src=\"https:\/\/s2-g1.glbimg.com\/T8Q4FqYb539oRgHzKSmvnmufEBA=\/i.s3.glbimg.com\/v1\/AUTH_59edd422c0c84a879bd37670ae4f538a\/internal_photos\/bs\/2026\/2\/3\/FhyMQhQYqkH5fmP1zNBw\/2026-05-02t012305z-1568318784-rc2o0laan7jb-rtrmadp-3-usa-trump.jpg\"><br \/>     A barganha entre EUA e Cuba por Guant\u00e1namo<br \/>\nO presidente dos Estados Unidos, Donald Trump, afirmou nesta sexta-feira (1\u00ba) que o pa\u00eds poderia \u201cassumir\u201d Cuba \u201cquase imediatamente\u201d ap\u00f3s o fim da guerra contra o Ir\u00e3. A declara\u00e7\u00e3o foi feita durante um evento na Fl\u00f3rida.<br \/>\n&#x2705; Siga o canal de not\u00edcias internacionais do g1 no WhatsApp<br \/>\nAo comentar sobre a origem de uma das pessoas presentes no evento, Trump fez refer\u00eancia a Cuba e disse que o pa\u00eds seria alvo de uma a\u00e7\u00e3o r\u00e1pida dos EUA.<br \/>\n\u201cE ele [convidado] vem originalmente de um lugar chamado Cuba, que n\u00f3s vamos assumir quase imediatamente\u201d, disse.<br \/>\nNa sequ\u00eancia, Trump afirmou que, na \u201cvolta do Ir\u00e3\u201d, os Estados Unidos poderiam enviar um porta-avi\u00f5es, como o USS Abraham Lincoln, para se posicionar pr\u00f3ximo \u00e0 costa cubana.<br \/>\n\u201cCuba tem problemas. Vamos terminar uma coisa primeiro. Gosto de terminar um trabalho\u201d, afirmou.<br \/>\n\u201cVamos parar a cerca de 100 jardas [91 metros] da costa, e eles v\u00e3o dizer: \u2018Muito obrigado. N\u00f3s nos rendemos\u2019\u201d, disse.<br \/>\nTrump n\u00e3o deu detalhes sobre o que quis dizer nem indicou se a fala representa um plano concreto. A plateia riu do coment\u00e1rio do presidente. A Associated Press noticiou o caso afirmando que o norte-americano estava fazendo uma piada.<br \/>\nLEIA TAMB\u00c9M<br \/>\nEUA anunciam retirada de 5 mil soldados da Alemanha em meio a crise diplom\u00e1tica ligada \u00e0 guerra<br \/>\nReino Unido eleva n\u00edvel de amea\u00e7a terrorista e diz que atentado \u00e9 &#8216;altamente prov\u00e1vel&#8217;<br \/>\nBloqueio naval dos EUA causou preju\u00edzo de quase US$ 5 bilh\u00f5es ao Ir\u00e3, diz site<br \/>\nSan\u00e7\u00f5es<br \/>\nO presidente Donald Trump durante evento na Fl\u00f3rida em 1\u00ba de maio de 2026<br \/>\nREUTERS\/Nathan Howard<br \/>\nAs declara\u00e7\u00f5es de Trump foram feitas no mesmo dia em que os Estados Unidos ampliaram a press\u00e3o sobre Cuba com novas san\u00e7\u00f5es. A ilha vem enfrentando problemas econ\u00f4micos e energ\u00e9ticos desde que Washington imp\u00f4s, em janeiro, um bloqueio ao envio de petr\u00f3leo.<br \/>\nNesta sexta-feira, o presidente assinou um decreto que endurece medidas contra a ilha, com foco em bancos estrangeiros que mant\u00eam rela\u00e7\u00f5es com Havana e em setores estrat\u00e9gicos da economia, como energia e minera\u00e7\u00e3o.<br \/>\nTrump voltou a classificar Cuba como uma \u201camea\u00e7a extraordin\u00e1ria\u201d \u00e0 seguran\u00e7a nacional dos Estados Unidos.<br \/>\nAs san\u00e7\u00f5es se somam ao embargo econ\u00f4mico em vigor desde 1962 e a medidas mais recentes, como restri\u00e7\u00f5es ao fornecimento de petr\u00f3leo ao pa\u00eds.<br \/>\nO an\u00fancio coincide com o Dia do Trabalhador, quando o governo cubano convocou manifesta\u00e7\u00f5es em Havana e em outras cidades sob o lema de defesa da soberania nacional.<br \/>\nAutoridades cubanas reagiram \u00e0s medidas. O chanceler Bruno Rodr\u00edguez afirmou que os Estados Unidos adotam \u201cmedidas coercitivas unilaterais ilegais e abusivas\u201d.<br \/>\nApesar da escalada de tens\u00e3o, os dois pa\u00edses tem mantidos canais diplom\u00e1ticos abertos. Em abril, representantes dos dois governos se reuniram em Havana.<br \/>\nV\u00cdDEOS: mais assistidos do g1<\/div>\n","protected":false},"excerpt":{"rendered":"<p>A barganha entre EUA e Cuba por Guant\u00e1namo O presidente dos Estados Unidos, Donald Trump, afirmou nesta sexta-feira (1\u00ba) que o pa\u00eds poderia \u201cassumir\u201d Cuba \u201cquase imediatamente\u201d ap\u00f3s o fim da guerra contra o Ir\u00e3. A declara\u00e7\u00e3o foi feita durante um evento na Fl\u00f3rida. &#x2705; Siga o canal de not\u00edcias internacionais do g1 no WhatsApp [&hellip;]<\/p>\n","protected":false},"author":261,"featured_media":69014,"comment_status":"closed","ping_status":"closed","sticky":false,"template":"","format":"standard","meta":{"_themeisle_gutenberg_block_has_review":false,"_jetpack_memberships_contains_paid_content":false,"footnotes":""},"categories":[5],"tags":[155],"class_list":{"0":"post-69013","1":"post","2":"type-post","3":"status-publish","4":"format-standard","5":"has-post-thumbnail","7":"category-internacionais","8":"tag-mundo"},"jetpack_featured_media_url":"https:\/\/crajubaremacao.com.br\/wp-content\/uploads\/2026\/05\/2026-05-02t012305z-1568318784-rc2o0laan7jb-rtrmadp-3-usa-trump-scaled.jpg","jetpack_sharing_enabled":true,"_links":{"self":[{"href":"https:\/\/crajubaremacao.com.br\/index.php?rest_route=\/wp\/v2\/posts\/69013","targetHints":{"allow":["GET"]}}],"collection":[{"href":"https:\/\/crajubaremacao.com.br\/index.php?rest_route=\/wp\/v2\/posts"}],"about":[{"href":"https:\/\/crajubaremacao.com.br\/index.php?rest_route=\/wp\/v2\/types\/post"}],"author":[{"embeddable":true,"href":"https:\/\/crajubaremacao.com.br\/index.php?rest_route=\/wp\/v2\/users\/261"}],"replies":[{"embeddable":true,"href":"https:\/\/crajubaremacao.com.br\/index.php?rest_route=%2Fwp%2Fv2%2Fcomments&post=69013"}],"version-history":[{"count":0,"href":"https:\/\/crajubaremacao.com.br\/index.php?rest_route=\/wp\/v2\/posts\/69013\/revisions"}],"wp:featuredmedia":[{"embeddable":true,"href":"https:\/\/crajubaremacao.com.br\/index.php?rest_route=\/wp\/v2\/media\/69014"}],"wp:attachment":[{"href":"https:\/\/crajubaremacao.com.br\/index.php?rest_route=%2Fwp%2Fv2%2Fmedia&parent=69013"}],"wp:term":[{"taxonomy":"category","embeddable":true,"href":"https:\/\/crajubaremacao.com.br\/index.php?rest_route=%2Fwp%2Fv2%2Fcategories&post=69013"},{"taxonomy":"post_tag","embeddable":true,"href":"https:\/\/crajubaremacao.com.br\/index.php?rest_route=%2Fwp%2Fv2%2Ftags&post=69013"}],"curies":[{"name":"wp","href":"https:\/\/api.w.org\/{rel}","templated":true}]}}