{"id":69021,"date":"2026-05-02T03:01:01","date_gmt":"2026-05-02T06:01:01","guid":{"rendered":"https:\/\/crajubaremacao.com.br\/?p=69021"},"modified":"2026-05-02T03:01:01","modified_gmt":"2026-05-02T06:01:01","slug":"1o-de-maio-em-fortaleza-mobiliza-trabalhadores-por-fim-da-escala-6x1","status":"publish","type":"post","link":"https:\/\/crajubaremacao.com.br\/?p=69021","title":{"rendered":"1\u00ba de Maio em Fortaleza mobiliza trabalhadores por fim da escala 6&#215;1"},"content":{"rendered":"<div>\n<p>\u00a0<span style='background-color: #f8f0e0; color: #2e2e2e; font-family: \"Open Sans\", sans-serif; font-size: 1.375rem; letter-spacing: -0.09375rem; text-align: center;'>1\u00ba de Maio em Fortaleza mobiliza trabalhadores por fim da escala 6&#215;1<\/span><\/p>\n<div class=\"dd-m-display dd-m-display--small dd-m-background-energized-light\" style='background-color: #f8f0e0; display: inline-flex; font-family: \"Open Sans\", sans-serif; outline: none; padding: 35px 0px; width: 432px;'>\n<div class=\"wrap\" style=\"box-sizing: border-box; margin: 0px auto; max-width: 1200px; outline: none; padding: 0px 10px; width: 320px;\">\n<div class=\"row\" style=\"-webkit-box-direction: normal; -webkit-box-flex: 0; -webkit-box-orient: horizontal; box-sizing: border-box; display: flex; flex-flow: wrap; flex: 0 1 auto; margin-left: -0.5rem; margin-right: -0.5rem; outline: none;\">\n<div class=\"col-xs-12\" style=\"-webkit-box-flex: 0; box-sizing: border-box; flex: 0 0 100%; max-width: 100%; outline: none; padding-left: 0.5rem; padding-right: 0.5rem;\">\n<div class=\"row\" style=\"-webkit-box-direction: normal; -webkit-box-flex: 0; -webkit-box-orient: horizontal; box-sizing: border-box; display: flex; flex-flow: wrap; flex: 0 1 auto; margin-left: -0.5rem; margin-right: -0.5rem; outline: none;\">\n<div class=\"col-xs-12 col-lg-10 col-md-10 col-lg-offset-1 col-md-offset-1\" style=\"-webkit-box-flex: 0; box-sizing: border-box; flex: 0 0 100%; max-width: 100%; outline: none; padding-left: 0.5rem; padding-right: 0.5rem;\">\n<p class=\"dd-m-text dd-m-text--big font-MerriWeather\" style=\"color: #2e2e2e; font-family: Merriweather, sans-serif; font-size: 0.9375rem; line-height: 1.0625rem; margin: 10px 0px 0px; outline: none; padding: 0px; text-align: center; width: 300px;\">Ato unificado ser\u00e1 realizado nesta sexta-feira (1\u00ba), \u00e0s 15h, no Espig\u00e3o da Rui Barbosa, com pautas que incluem direitos trabalhistas, combate ao feminic\u00eddio e \u00e0 viol\u00eancia contra as mulheres e transporte p\u00fablico<\/p>\n<\/div>\n<\/div>\n<\/div>\n<\/div>\n<\/div>\n<\/div>\n<p><span style='font-family: \"Open Sans\", sans-serif;'><\/span><\/p>\n<div class=\"dd-m-share dd-m-share--mobile-fixed\" style='align-items: center; background: rgb(255, 255, 255); display: flex; font-family: \"Open Sans\", sans-serif; justify-content: center; left: 0px; outline: none; padding: 8px; position: fixed; text-align: center; top: 65px; width: 432px; z-index: 99;'>\n<p class=\"dd-m-share__text dd-m-share__text-energized-medium dd-m-device--no-web\" style=\"color: #deb25c; display: inline-block; font-size: 16px; font-weight: 700; line-height: 21px; margin: 0px 18px 0px 0px; outline: none;\">Compartilhe<\/p>\n<div class=\"dd-m-icon__group-icons\" style=\"display: inline-block; outline: none; position: relative; top: 0px;\"><a class=\"dd-m-icon dd-m-icon--rounded-facebook\" href=\"https:\/\/www.facebook.com\/share.php?u=https:\/\/ce.cut.org.br\/noticias\/1-de-maio-em-fortaleza-mobiliza-trabalhadores-por-fim-da-escala-6x1-8bbf\/\" rel=\"nofollow\" style=\"background: rgb(59, 89, 152); border-radius: 100%; color: white; cursor: pointer; display: inline-block; float: left; font-size: 0.9375rem; height: 28px; margin: 0px 18px 0px 0px; outline: none; position: relative; text-decoration: none; transition: 0.2s linear; width: 28px;\" target=\"_blank\"><span aria-hidden=\"true\" class=\"fa-brands fa-facebook\" style='--fa: \"f09a\"; -webkit-font-smoothing: antialiased; display: inline-block; font-family: \"Font Awesome 6 Brands\"; font-variant: normal; line-height: 1; outline: none; position: relative; text-rendering: auto; top: 4px;'><\/span><\/a><a class=\"dd-m-icon dd-m-icon--rounded-twitter\" href=\"https:\/\/twitter.com\/intent\/tweet?text=1%C2%BA+de+Maio+em+Fortaleza+mobiliza+trabalhadores+por+fim+da+escala+6x1&amp;url=https:\/\/ce.cut.org.br\/noticias\/1-de-maio-em-fortaleza-mobiliza-trabalhadores-por-fim-da-escala-6x1-8bbf\/\" rel=\"nofollow\" style=\"background: rgb(85, 172, 238); border-radius: 100%; color: white; cursor: pointer; display: inline-block; float: left; font-size: 0.9375rem; height: 28px; margin: 0px 18px 0px 0px; outline: none; position: relative; text-decoration: none; transition: 0.2s linear; width: 28px;\" target=\"_blank\"><span aria-hidden=\"true\" class=\"fa-brands fa-twitter\" style='--fa: \"f099\"; -webkit-font-smoothing: antialiased; display: inline-block; font-family: \"Font Awesome 6 Brands\"; font-variant: normal; line-height: 1; outline: none; position: relative; text-rendering: auto; top: 4px;'><\/span><\/a><a class=\"dd-m-icon dd-m-icon--rounded-whatsapp\" href=\"https:\/\/api.whatsapp.com\/send?text=1%C2%BA+de+Maio+em+Fortaleza+mobiliza+trabalhadores+por+fim+da+escala+6x1%20https:\/\/ce.cut.org.br\/noticias\/1-de-maio-em-fortaleza-mobiliza-trabalhadores-por-fim-da-escala-6x1-8bbf\/\" rel=\"nofollow\" style=\"background: rgb(37, 211, 102); border-radius: 100%; color: white; cursor: pointer; display: inline-block; float: left; font-size: 1.1rem; height: 28px; margin: 0px 18px 0px 0px; outline: none; position: relative; text-decoration: none; transition: 0.2s linear; width: 28px;\" target=\"_blank\"><span aria-hidden=\"true\" class=\"fa-brands fa-whatsapp\" style='--fa: \"f232\"; -webkit-font-smoothing: antialiased; display: inline-block; font-family: \"Font Awesome 6 Brands\"; font-variant: normal; line-height: 1; outline: none; position: relative; text-rendering: auto; top: 2px;'><\/span><\/a><a class=\"dd-m-icon dd-m-icon--rounded-telegram\" href=\"https:\/\/t.me\/share\/url?url=https:\/\/ce.cut.org.br\/noticias\/1-de-maio-em-fortaleza-mobiliza-trabalhadores-por-fim-da-escala-6x1-8bbf\/&amp;text=1%C2%BA+de+Maio+em+Fortaleza+mobiliza+trabalhadores+por+fim+da+escala+6x1\" rel=\"noopener noreferrer\" style=\"background: rgb(85, 172, 238); border-radius: 100%; color: white; cursor: pointer; display: inline-block; float: left; font-size: 0.9375rem; height: 28px; margin: 0px; outline: none; position: relative; text-decoration: none; transition: 0.2s linear; width: 28px;\" target=\"_blank\"><span aria-hidden=\"true\" class=\"fa-brands fa-telegram\" style='--fa: \"f2c6\"; -webkit-font-smoothing: antialiased; display: inline-block; font-family: \"Font Awesome 6 Brands\"; font-variant: normal; line-height: 1; outline: none; position: relative; text-rendering: auto; top: 4px;'><\/span><\/a><\/div>\n<\/div>\n<div class=\"dd-m-display dd-m-display--top-30 dd-m-background-stable\" style='background-color: #f3f3f3; font-family: \"Open Sans\", sans-serif; outline: none; padding: 30px 0px 0px; width: 432px;'>\n<div class=\"wrap\" style=\"box-sizing: border-box; margin: 0px auto; max-width: 1200px; outline: none; padding: 0px 10px; width: 320px;\">\n<div class=\"row\" style=\"-webkit-box-direction: normal; -webkit-box-flex: 0; -webkit-box-orient: horizontal; box-sizing: border-box; display: flex; flex-flow: wrap; flex: 0 1 auto; margin-left: -0.5rem; margin-right: -0.5rem; outline: none;\">\n<div class=\"col-xs-12\" style=\"-webkit-box-flex: 0; box-sizing: border-box; flex: 0 0 100%; max-width: 100%; outline: none; padding-left: 0.5rem; padding-right: 0.5rem;\">\n<div class=\"dd-l-content dd-l-content--medium\" style=\"margin: 0px auto; outline: none; padding: 0px; width: 300px;\">\n<p class=\"dd-m-text dd-m-text--smallest dd-m-alignment--center\" style=\"color: #777777; font-size: 0.625rem; margin: 0px; outline: none; padding: 0px; text-align: center; width: 300px;\"><span aria-hidden=\"true\" class=\"fa fa-clock-o\" style='-webkit-font-smoothing: antialiased; display: inline-block; font-family: \"Font Awesome 6 Free\"; font-variant: normal; font-weight: 900; line-height: 1; outline: none; text-rendering: auto;'><\/span>\u00a0<strong style=\"outline: none;\">Publicado:<\/strong>\u00a029 Abril, 2026 &#8211; 10h11<\/p>\n<p class=\"dd-m-text dd-m-text--smallest dd-m-alignment--center dd-m-color-assertive\" style=\"color: #d71920; font-size: 0.625rem; margin: 0px; outline: none; padding: 0px; text-align: center; width: 300px;\"><strong style=\"outline: none;\">Escrito por:\u00a0<a class=\"dd-m-color-assertive\" href=\"https:\/\/ce.cut.org.br\/\" style=\"color: #d71920; cursor: pointer; outline: none; text-decoration: none; transition: 0.2s linear;\" target=\"_blank\">Reda\u00e7\u00e3o CUT<\/a><\/strong>\u00a0|\u00a0<strong style=\"outline: none;\">Editado por: Tarc\u00edsio Aquino<\/strong><\/p>\n<figure class=\"dd-m-image__group\" style=\"margin: 15px 0px 0px -10px; outline: none; padding: 0px; position: relative; width: 320px;\"><img decoding=\"async\" alt=\"notice\" data-src-mobile=\"\/images\/cache\/systemuploadsnews8bbf1db64cf78c34fa9-320x210xfit-dec06.png\" data-src-tablet=\"\/images\/cache\/systemuploadsnews8bbf1db64cf78c34fa9-768x460xfit-dec06.png\" data-src-web=\"\/images\/cache\/systemuploadsnews8bbf1db64cf78c34fa9-700x460xfit-dec06.png\" src=\"https:\/\/ce.cut.org.br\/images\/cache\/systemuploadsnews8bbf1db64cf78c34fa9-320x210xfit-dec06.png\" style=\"display: block; height: auto; max-width: 100%; outline: none;\"><\/figure>\n<div class=\"dd-m-editor\" style=\"margin-top: 25px; outline: none; width: 300px;\">\n<div class=\"flex max-w-full flex-col gap-4 grow\" style=\"box-sizing: border-box; outline: none;\">\n<div class=\"min-h-8 text-message relative flex w-full flex-col items-end gap-2 text-start break-words whitespace-normal outline-none keyboard-focused:focus-ring [.text-message+&amp;]:mt-1\" data-message-author-role=\"assistant\" data-message-id=\"a6f5bf0d-0510-45b2-acc3-a8c93041619c\" data-message-model-slug=\"gpt-5-3\" data-turn-start-message=\"true\" dir=\"auto\" style=\"box-sizing: border-box; outline: none;\" tabindex=\"0\">\n<div class=\"flex w-full flex-col gap-1 empty:hidden\" style=\"box-sizing: border-box; outline: none;\">\n<div class=\"markdown prose dark:prose-invert w-full wrap-break-word dark markdown-new-styling\" style=\"box-sizing: border-box; outline: none;\">\n<p data-end=\"723\" data-start=\"320\" style=\"box-sizing: border-box; color: #2e2e2e; font-family: Merriweather, sans-serif; font-size: 1.125rem; line-height: 2rem; margin: 0px; outline: none; padding: 10px 0px; width: 300px;\">Fortaleza recebe, nesta sexta-feira (1\u00ba), o ato unificado do Dia do Trabalhador e da Trabalhadora, organizado pelas centrais sindicais e movimentos sociais. A concentra\u00e7\u00e3o est\u00e1 marcada para as 15h, no Espig\u00e3o da Rui Barbosa, na Praia de Iracema. A mobiliza\u00e7\u00e3o integra a agenda nacional do 1\u00ba de Maio, que ocorre em diversas cidades do pa\u00eds com foco na amplia\u00e7\u00e3o de direitos e na valoriza\u00e7\u00e3o do trabalho.<\/p>\n<p data-end=\"997\" data-start=\"725\" style=\"box-sizing: border-box; color: #2e2e2e; font-family: Merriweather, sans-serif; font-size: 1.125rem; line-height: 2rem; margin: 0px; outline: none; padding: 10px 0px; width: 300px;\">Entre as principais reivindica\u00e7\u00f5es est\u00e3o o fim da escala 6&#215;1, a redu\u00e7\u00e3o da jornada de trabalho sem redu\u00e7\u00e3o salarial, o combate \u00e0 precariza\u00e7\u00e3o e \u00e0 pejotiza\u00e7\u00e3o, al\u00e9m da defesa do transporte p\u00fablico gratuito e do enfrentamento ao feminic\u00eddio e \u00e0 viol\u00eancia contra as mulheres.<\/p>\n<p data-end=\"997\" data-start=\"725\" style=\"box-sizing: border-box; color: #2e2e2e; font-family: Merriweather, sans-serif; font-size: 1.125rem; line-height: 2rem; margin: 0px; outline: none; padding: 10px 0px; width: 300px;\"><span class=\"dd-label\" style=\"box-sizing: border-box; color: #919191; display: block; font-size: 11px; line-height: 1.5; margin: 0px auto; max-width: 100%; outline: none; text-align: right; text-transform: uppercase; width: 600px;\"><span class=\"fa fa-camera\" style='--fa: \"f030\"; -webkit-font-smoothing: antialiased; box-sizing: border-box; display: inline-block; font-family: \"Font Awesome 6 Free\"; font-variant: normal; font-weight: 900; line-height: 1; outline: none; padding: 0px 4px 0px 0px; text-rendering: auto;'><\/span>Marcos Moura<\/span><a class=\"dd-lightbox\" href=\"https:\/\/assets.cut.org.br\/system\/uploads\/ck\/ceara\/05-05-2025%20-%20Solene%20Dia%20Internacional%20dos%20Trabalhadores%20-%20Foto%20Marcos%20Moura%20%2851%29%20.jpg\" style=\"box-sizing: border-box; color: #d71920; cursor: pointer; display: block; margin: 0px auto; outline: none; text-align: center; text-decoration: none; transition: 0.2s linear;\" target=\"_blank\"><img loading=\"lazy\" loading=\"lazy\" decoding=\"async\" alt=\"Marcos Moura\" height=\"400\" src=\"https:\/\/ce.cut.org.br\/images\/cache\/systemuploadsckceara05-05-202520-600x400xfit-53be0.jpg\" style=\"box-sizing: border-box; display: block; float: none !important; height: auto !important; margin: 0px auto; max-width: 100%; outline: none; width: auto !important;\" width=\"600\"><\/a><\/p>\n<p data-end=\"1473\" data-start=\"999\" style=\"box-sizing: border-box; color: #2e2e2e; font-family: Merriweather, sans-serif; font-size: 1.125rem; line-height: 2rem; margin: 0px; outline: none; padding: 10px 0px; width: 300px;\">O presidente da CUT Cear\u00e1, Wil Pereira, afirma que o ato \u00e9 parte de um processo de mobiliza\u00e7\u00e3o permanente da classe trabalhadora. Segundo ele, a pauta da redu\u00e7\u00e3o da jornada tem ganhado for\u00e7a diante das condi\u00e7\u00f5es atuais de trabalho e conta com amplo apoio popular. Levantamento do Datafolha aponta que a maioria da popula\u00e7\u00e3o brasileira \u00e9 favor\u00e1vel ao fim da escala 6&#215;1 e \u00e0 redu\u00e7\u00e3o da jornada, indicando respaldo social \u00e0s reivindica\u00e7\u00f5es apresentadas pelas centrais sindicais.<\/p>\n<p data-end=\"1809\" data-start=\"1475\" style=\"box-sizing: border-box; color: #2e2e2e; font-family: Merriweather, sans-serif; font-size: 1.125rem; line-height: 2rem; margin: 0px; outline: none; padding: 10px 0px; width: 300px;\">\u201cA luta pelo fim da escala 6&#215;1 e pela redu\u00e7\u00e3o da jornada sem redu\u00e7\u00e3o de sal\u00e1rios \u00e9 central neste momento. Estamos falando de garantir mais qualidade de vida, mais tempo para a fam\u00edlia e para o descanso, sem abrir m\u00e3o de direitos. \u00c9 uma pauta que dialoga diretamente com a realidade de milh\u00f5es de trabalhadores e trabalhadoras\u201d, disse.<\/p>\n<p data-end=\"2128\" data-start=\"1811\" style=\"box-sizing: border-box; color: #2e2e2e; font-family: Merriweather, sans-serif; font-size: 1.125rem; line-height: 2rem; margin: 0px; outline: none; padding: 10px 0px; width: 300px;\">Wil tamb\u00e9m destacou o car\u00e1ter pol\u00edtico do 1\u00ba de Maio deste ano. \u201cOs trabalhadores ir\u00e3o \u00e0s ruas para pressionar o Congresso e avan\u00e7ar em propostas que enfrentem desigualdades hist\u00f3ricas. N\u00e3o \u00e9 apenas uma reivindica\u00e7\u00e3o pontual, \u00e9 a constru\u00e7\u00e3o de um novo pacto social que coloque a dignidade humana acima da explora\u00e7\u00e3o.\u201d<\/p>\n<p data-end=\"2311\" data-start=\"2130\" style=\"box-sizing: border-box; color: #2e2e2e; font-family: Merriweather, sans-serif; font-size: 1.125rem; line-height: 2rem; margin: 0px; outline: none; padding: 10px 0px; width: 300px;\"><span class=\"dd-label\" style=\"box-sizing: border-box; color: #919191; display: block; font-size: 11px; line-height: 1.5; margin: 0px auto; max-width: 100%; outline: none; text-align: right; text-transform: uppercase; width: 600px;\"><span class=\"fa fa-camera\" style='--fa: \"f030\"; -webkit-font-smoothing: antialiased; box-sizing: border-box; display: inline-block; font-family: \"Font Awesome 6 Free\"; font-variant: normal; font-weight: 900; line-height: 1; outline: none; padding: 0px 4px 0px 0px; text-rendering: auto;'><\/span>Marcos Moura<\/span><a class=\"dd-lightbox\" href=\"https:\/\/assets.cut.org.br\/system\/uploads\/ck\/ceara\/05-05-2025%20-%20Solene%20Dia%20Internacional%20dos%20Trabalhadores%20-%20Foto%20Marcos%20Moura%20%2864%29%20.jpg\" style=\"box-sizing: border-box; color: #d71920; cursor: pointer; display: block; margin: 0px auto; outline: none; text-align: center; text-decoration: none; transition: 0.2s linear;\" target=\"_blank\"><img loading=\"lazy\" loading=\"lazy\" decoding=\"async\" alt=\"Marcos Moura\" height=\"400\" src=\"https:\/\/ce.cut.org.br\/images\/cache\/systemuploadsckceara05-05-202520-600x400xfit-e7745.jpg\" style=\"box-sizing: border-box; display: block; float: none !important; height: auto !important; margin: 0px auto; max-width: 100%; outline: none; width: auto !important;\" width=\"600\"><\/a><\/p>\n<p data-end=\"2311\" data-start=\"2130\" style=\"box-sizing: border-box; color: #2e2e2e; font-family: Merriweather, sans-serif; font-size: 1.125rem; line-height: 2rem; margin: 0px; outline: none; padding: 10px 0px; width: 300px;\">A secret\u00e1ria de Organiza\u00e7\u00e3o e Pol\u00edtica Sindical da CUT Brasil, Gra\u00e7a Costa, refor\u00e7ou que o 1\u00ba de Maio deste ano amplia o leque de reivindica\u00e7\u00f5es hist\u00f3ricas da classe trabalhadora.<\/p>\n<p data-end=\"2598\" data-start=\"2313\" style=\"box-sizing: border-box; color: #2e2e2e; font-family: Merriweather, sans-serif; font-size: 1.125rem; line-height: 2rem; margin: 0px; outline: none; padding: 10px 0px; width: 300px;\">\u201cAl\u00e9m da redu\u00e7\u00e3o da jornada e do combate \u00e0 precariza\u00e7\u00e3o, tamb\u00e9m est\u00e3o no centro das mobiliza\u00e7\u00f5es o fortalecimento da negocia\u00e7\u00e3o coletiva, a garantia de negocia\u00e7\u00e3o para servidores p\u00fablicos e a regulamenta\u00e7\u00e3o do trabalho por aplicativos, assegurando direitos e prote\u00e7\u00e3o social\u201d, afirmou.<\/p>\n<p data-end=\"2598\" data-start=\"2313\" style=\"box-sizing: border-box; color: #2e2e2e; font-family: Merriweather, sans-serif; font-size: 1.125rem; line-height: 2rem; margin: 0px; outline: none; padding: 10px 0px; width: 300px;\"><a class=\"dd-lightbox\" href=\"https:\/\/assets.cut.org.br\/system\/uploads\/ck\/ceara\/Claudinha%20-%20PROVIS%C3%93RIA.jpeg\" style=\"box-sizing: border-box; color: #d71920; cursor: pointer; display: block; margin: 0px auto; outline: none; text-align: center; text-decoration: none; transition: 0.2s linear;\" target=\"_blank\"><img loading=\"lazy\" loading=\"lazy\" decoding=\"async\" alt=\"\" height=\"450\" src=\"https:\/\/ce.cut.org.br\/images\/cache\/systemuploadsckcearaclaudinha20-2-600x450xfit-d28c7.jpeg\" style=\"box-sizing: border-box; display: block; float: none !important; height: auto !important; margin: 0px auto; max-width: 100%; outline: none; width: auto !important;\" width=\"600\"><\/a><\/p>\n<p data-end=\"2859\" data-start=\"2600\" style=\"box-sizing: border-box; color: #2e2e2e; font-family: Merriweather, sans-serif; font-size: 1.125rem; line-height: 2rem; margin: 0px; outline: none; padding: 10px 0px; width: 300px;\">No Cear\u00e1, uma das pautas de destaque ser\u00e1 o combate ao feminic\u00eddio e \u00e0 viol\u00eancia contra as mulheres. A secret\u00e1ria de Mulheres da CUT Cear\u00e1, Claudinha Silva, ressalta que o tema precisa estar no centro das mobiliza\u00e7\u00f5es e integra a agenda nacional das centrais.<\/p>\n<p data-end=\"3118\" data-start=\"2861\" style=\"box-sizing: border-box; color: #2e2e2e; font-family: Merriweather, sans-serif; font-size: 1.125rem; line-height: 2rem; margin: 0px; outline: none; padding: 10px 0px; width: 300px;\">\u201cN\u00e3o existe justi\u00e7a social sem enfrentar o feminic\u00eddio e todas as formas de viol\u00eancia contra as mulheres. Essa \u00e9 uma pauta urgente, que precisa estar no centro das mobiliza\u00e7\u00f5es, porque diz respeito \u00e0 vida e \u00e0 dignidade das trabalhadoras brasileiras\u201d, disse.<\/p>\n<p data-end=\"3348\" data-start=\"3120\" style=\"box-sizing: border-box; color: #2e2e2e; font-family: Merriweather, sans-serif; font-size: 1.125rem; line-height: 2rem; margin: 0px; outline: none; padding: 10px 0px; width: 300px;\">Outra bandeira presente no ato \u00e9 a defesa da tarifa zero no transporte p\u00fablico. Para os organizadores, garantir mobilidade gratuita \u00e9 uma medida que impacta diretamente o acesso ao trabalho, \u00e0 educa\u00e7\u00e3o e aos servi\u00e7os essenciais.<\/p>\n<p data-end=\"3635\" data-start=\"3350\" style=\"box-sizing: border-box; color: #2e2e2e; font-family: Merriweather, sans-serif; font-size: 1.125rem; line-height: 2rem; margin: 0px; outline: none; padding: 10px 0px; width: 300px;\">O ato em Fortaleza re\u00fane entidades como CUT, CTB, CSB, Intersindical e movimentos populares, refor\u00e7ando a unidade das organiza\u00e7\u00f5es na defesa de direitos. A expectativa \u00e9 de que trabalhadores de diversas categorias participem da mobiliza\u00e7\u00e3o, que tamb\u00e9m ter\u00e1 car\u00e1ter cultural e pol\u00edtico.<\/p>\n<p data-end=\"4109\" data-is-last-node=\"\" data-is-only-node=\"\" data-start=\"3637\" style=\"box-sizing: border-box; color: #2e2e2e; font-family: Merriweather, sans-serif; font-size: 1.125rem; line-height: 2rem; margin: 0px; outline: none; padding: 10px 0px; width: 300px;\"><strong data-end=\"3648\" data-start=\"3637\" style=\"box-sizing: border-box; outline: none;\">Servi\u00e7o<\/strong><br data-end=\"3651\" data-start=\"3648\" style=\"box-sizing: border-box; outline: none;\"><strong data-end=\"3661\" data-start=\"3651\" style=\"box-sizing: border-box; outline: none;\">O qu\u00ea:<\/strong>\u00a0Ato unificado do 1\u00ba de Maio \u2013 Dia do Trabalhador e da Trabalhadora<br data-end=\"3731\" data-start=\"3728\" style=\"box-sizing: border-box; outline: none;\"><strong data-end=\"3742\" data-start=\"3731\" style=\"box-sizing: border-box; outline: none;\">Quando:<\/strong>\u00a0Sexta-feira (1\u00ba), \u00e0s 15h<br data-end=\"3770\" data-start=\"3767\" style=\"box-sizing: border-box; outline: none;\"><strong data-end=\"3779\" data-start=\"3770\" style=\"box-sizing: border-box; outline: none;\">Onde:<\/strong>\u00a0Espig\u00e3o da Rui Barbosa, Praia de Iracema, em Fortaleza<br data-end=\"3837\" data-start=\"3834\" style=\"box-sizing: border-box; outline: none;\"><strong data-end=\"3855\" data-start=\"3837\" style=\"box-sizing: border-box; outline: none;\">Quem organiza:<\/strong>\u00a0Centrais sindicais e movimentos sociais<br data-end=\"3898\" data-start=\"3895\" style=\"box-sizing: border-box; outline: none;\"><strong data-end=\"3909\" data-start=\"3898\" style=\"box-sizing: border-box; outline: none;\">Pautas:<\/strong>\u00a0Fim da escala 6&#215;1; redu\u00e7\u00e3o da jornada sem redu\u00e7\u00e3o salarial; combate ao feminic\u00eddio e \u00e0 viol\u00eancia contra as mulheres; tarifa zero no transporte p\u00fablico; valoriza\u00e7\u00e3o do trabalho e amplia\u00e7\u00e3o de direitos<\/p>\n<\/div>\n<\/div>\n<\/div>\n<\/div>\n<\/div>\n<\/div>\n<\/div>\n<\/div>\n<\/div>\n<\/div>\n<\/div>\n","protected":false},"excerpt":{"rendered":"<p>\u00a01\u00ba de Maio em Fortaleza mobiliza trabalhadores por fim da escala 6&#215;1 Ato unificado ser\u00e1 realizado nesta sexta-feira (1\u00ba), \u00e0s 15h, no Espig\u00e3o da Rui Barbosa, com pautas que incluem direitos trabalhistas, combate ao feminic\u00eddio e \u00e0 viol\u00eancia contra as mulheres e transporte p\u00fablico Compartilhe \u00a0Publicado:\u00a029 Abril, 2026 &#8211; 10h11 Escrito por:\u00a0Reda\u00e7\u00e3o CUT\u00a0|\u00a0Editado por: Tarc\u00edsio [&hellip;]<\/p>\n","protected":false},"author":88,"featured_media":69022,"comment_status":"closed","ping_status":"closed","sticky":false,"template":"","format":"standard","meta":{"_themeisle_gutenberg_block_has_review":false,"_jetpack_memberships_contains_paid_content":false,"footnotes":""},"categories":[4],"tags":[127,130],"class_list":{"0":"post-69021","1":"post","2":"type-post","3":"status-publish","4":"format-standard","5":"has-post-thumbnail","7":"category-regiao","8":"tag-cariri","9":"tag-ceara"},"jetpack_featured_media_url":"https:\/\/crajubaremacao.com.br\/wp-content\/uploads\/2026\/05\/systemuploadsnews8bbf1db64cf78c34fa9-320x210xfit-dec06.png","jetpack_sharing_enabled":true,"_links":{"self":[{"href":"https:\/\/crajubaremacao.com.br\/index.php?rest_route=\/wp\/v2\/posts\/69021","targetHints":{"allow":["GET"]}}],"collection":[{"href":"https:\/\/crajubaremacao.com.br\/index.php?rest_route=\/wp\/v2\/posts"}],"about":[{"href":"https:\/\/crajubaremacao.com.br\/index.php?rest_route=\/wp\/v2\/types\/post"}],"author":[{"embeddable":true,"href":"https:\/\/crajubaremacao.com.br\/index.php?rest_route=\/wp\/v2\/users\/88"}],"replies":[{"embeddable":true,"href":"https:\/\/crajubaremacao.com.br\/index.php?rest_route=%2Fwp%2Fv2%2Fcomments&post=69021"}],"version-history":[{"count":0,"href":"https:\/\/crajubaremacao.com.br\/index.php?rest_route=\/wp\/v2\/posts\/69021\/revisions"}],"wp:featuredmedia":[{"embeddable":true,"href":"https:\/\/crajubaremacao.com.br\/index.php?rest_route=\/wp\/v2\/media\/69022"}],"wp:attachment":[{"href":"https:\/\/crajubaremacao.com.br\/index.php?rest_route=%2Fwp%2Fv2%2Fmedia&parent=69021"}],"wp:term":[{"taxonomy":"category","embeddable":true,"href":"https:\/\/crajubaremacao.com.br\/index.php?rest_route=%2Fwp%2Fv2%2Fcategories&post=69021"},{"taxonomy":"post_tag","embeddable":true,"href":"https:\/\/crajubaremacao.com.br\/index.php?rest_route=%2Fwp%2Fv2%2Ftags&post=69021"}],"curies":[{"name":"wp","href":"https:\/\/api.w.org\/{rel}","templated":true}]}}